{"id":24899,"date":"2015-12-03T16:23:00","date_gmt":"2015-12-03T16:23:00","guid":{"rendered":"http:\/\/marketingisdead.blogspirit.com\/archive\/2015\/12\/03\/ne-faisons-pas-begayer-l-histoire-3061530.html"},"modified":"2015-12-03T16:23:00","modified_gmt":"2015-12-03T16:23:00","slug":"ne-faisons-pas-begayer-lhistoire","status":"publish","type":"post","link":"http:\/\/consumerinsight.eu\/marketingisdead\/ne-faisons-pas-begayer-lhistoire\/","title":{"rendered":"Ne faisons pas b\u00e9gayer l\u2019histoire"},"content":{"rendered":"<p><span style=\"font-family: verdana,geneva,sans-serif;font-size: 10pt\"><img id=\"media-894900\" style=\"float: left;margin: 0.2em 1.4em 0.7em 0\" title=\"\" src=\"https:\/\/i0.wp.com\/marketingisdead.blogspirit.com\/media\/00\/00\/3755906795.jpg?w=1060\" alt=\"dachau01.jpg\" data-recalc-dims=\"1\" \/>Je suis d\u2019une g\u00e9n\u00e9ration qui a d\u00e9couvert l\u2019horreur nazie dans des expositions itin\u00e9rantes o\u00f9 nous emmenaient nos parents&nbsp;: les murs \u00e9taient couverts de photos en noir et blanc prises \u00e0 la lib\u00e9ration des camps d\u2019extermination et passait en boucle des chansons comme Nuit et Brouillard de Jean Ferrat. Nous avions du mal \u00e0 r\u00e9aliser que des hommes aient pu commettre de tels actes de barbarie contre d\u2019autres hommes, juste parce qu\u2019ils n\u2019\u00e9taient pas comme eux, ne pensaient pas comme eux&nbsp;: ils \u00e9taient juifs, tziganes, homosexuels, communistes \u2026 Une cousine de ma m\u00e8re est morte en d\u00e9portation, des ann\u00e9es apr\u00e8s, je lisais toujours la m\u00eame tristesse, la m\u00eame incompr\u00e9hension dans le regard de ses s\u0153urs.<\/span><\/p>\n<p><span style=\"font-family: verdana,geneva,sans-serif;font-size: 10pt\">Puis l\u2019Europe s\u2019est construite et depuis aucun pays de l&rsquo;Union europ\u00e9enne n\u2019a connu de guerres sur son territoire national&nbsp;; je sais, nous sommes en guerre contre le terrorisme, contre la finance, nous nous battons \u2013 et avec raison \u2013 contre toutes sortes d\u2019oppression&nbsp;: mais malgr\u00e9 tout, malgr\u00e9 le traumatisme des tueries contre Charlie Hebdo et du Bataclan, rien n\u2019est comparable aux charniers des deux Guerres Mondiales \u2026 sinon sans doute ceux de Srebrenica, \u00e0 nos portes.<\/span><\/p>\n<p><span style=\"font-family: verdana,geneva,sans-serif;font-size: 10pt\">Certes, l\u2019Europe commer\u00e7ante d\u2019aujourd\u2019hui est consternante en regard des espoirs qu\u2019avaient pu y placer ses fondateurs, et la gestion de ses multiples crises financi\u00e8res ne peut que souligner l\u2019incapacit\u00e9 de ses dirigeants \u00e0 la gouverner, et surtout, lui donner un avenir&nbsp;; bien des progr\u00e8s restent \u00e0 faire, et bien des erreurs devront un jour \u00eatre r\u00e9par\u00e9es&nbsp;: qui saura recr\u00e9er la dynamique n\u00e9cessaire&nbsp;?<\/span><\/p>\n<p><span style=\"font-family: verdana,geneva,sans-serif;font-size: 10pt\">Certes, mais vouloir comme le souhaitent certains hommes et certaines femmes politiques, la faire exploser, constituerait le premier en direction de l\u2019innommable&nbsp;: car ce que propose le Front National \u2013 entre autres \u2013 c\u2019est \u00e0 la fois faire de la France un pays referm\u00e9 dans ses fronti\u00e8re, mais aussi un pays o\u00f9 seront livr\u00e9s \u00e0 la vindicte publique tous ceux qui ne sont pas tout \u00e0 fait comme nous.<\/span><\/p>\n<p><span style=\"font-family: verdana,geneva,sans-serif;font-size: 10pt\">Comme l\u2019\u00e9taient les juifs, les tziganes, les homosexuels, les communistes \u2026 Rajoutez \u2026 tous les autres, la liste de ceux que ses leaders n\u2019aiment pas est longue. Sans compter que l\u2019on pourra non seulement reconduire \u00e0 la fronti\u00e8re tous ces parias, mais viendra \u00e9galement le jour o\u00f9 on passera les fronti\u00e8res \u2026 pour se battre contre tous ceux qui ne nous ressemblent pas vraiment.<\/span><\/p>\n<p><span style=\"font-family: verdana,geneva,sans-serif;font-size: 10pt\">Pendant les ann\u00e9es noires de la seconde Guerre Mondiale, tous les Fran\u00e7ais n\u2019\u00e9taient pas r\u00e9sistants, peu s\u2019en faut&nbsp;; quand je lis qu\u2019aujourd\u2019hui un Fran\u00e7ais sur deux ne voit aucun probl\u00e8me \u00e0 ce que le Front National gagne les \u00e9lections, je me dis que finalement l\u2019histoire b\u00e9gaie vraiment trop&nbsp;!<\/span><\/p>\n<p><span style=\"font-family: verdana,geneva,sans-serif;font-size: 10pt\">Si l\u2019on ne s\u2019en m\u00e9fie pas, l\u2019irr\u00e9parable est en marche&nbsp;: je ne voudrais vraiment que mon fils emm\u00e8ne dans quelques ann\u00e9es ses enfants visiter les m\u00eames expositions de l\u2019horreur que celles auxquelles mes parents m\u2019ont conduit.<\/span><\/p>\n<p><span style=\"font-family: verdana,geneva,sans-serif;font-size: 10pt\">Certains diront que l\u2019extr\u00eame droite a chang\u00e9, que ses dirigeants sont \u00ab&nbsp;pr\u00e9sentables&nbsp;\u00bb&nbsp;: mais Hitler l\u2019\u00e9tait suffisamment aussi pour que le peuple allemand le conduise \u00e0 la Chancellerie en 1933. <\/span><\/p>\n<p><span style=\"font-family: verdana,geneva,sans-serif;font-size: 10pt\">Faisons en sorte que l\u2019histoire ne se r\u00e9p\u00e8te pas et que la barbarie ne frappe pas \u00e0 nouveau comme il y a un peu plus de 70 ans.<\/span><\/p>\n","protected":false},"excerpt":{"rendered":"<p>Je suis d\u2019une g\u00e9n\u00e9ration qui a d\u00e9couvert l\u2019horreur nazie dans des expositions itin\u00e9rantes o\u00f9 nous emmenaient nos parents&nbsp;: les murs \u00e9taient couverts de photos en noir et blanc prises \u00e0 la lib\u00e9ration des camps d\u2019extermination et passait en boucle des chansons comme Nuit et Brouillard&#8230;<\/p>\n","protected":false},"author":1,"featured_media":0,"comment_status":"open","ping_status":"open","sticky":false,"template":"","format":"standard","meta":{"spay_email":"","jetpack_publicize_message":"","jetpack_is_tweetstorm":false,"jetpack_publicize_feature_enabled":true},"categories":[154],"tags":[],"yoast_head":"<!-- This site is optimized with the Yoast SEO plugin v18.3 - https:\/\/yoast.com\/wordpress\/plugins\/seo\/ -->\n<title>Ne faisons pas b\u00e9gayer l\u2019histoire - Marketing is Dead<\/title>\n<meta name=\"robots\" content=\"index, follow, max-snippet:-1, max-image-preview:large, max-video-preview:-1\" \/>\n<link rel=\"canonical\" href=\"https:\/\/consumerinsight.eu\/marketingisdead\/ne-faisons-pas-begayer-lhistoire\/\" \/>\n<meta property=\"og:locale\" content=\"fr_FR\" \/>\n<meta property=\"og:type\" content=\"article\" \/>\n<meta property=\"og:title\" content=\"Ne faisons pas b\u00e9gayer l\u2019histoire - Marketing is Dead\" \/>\n<meta property=\"og:description\" content=\"Je suis d\u2019une g\u00e9n\u00e9ration qui a d\u00e9couvert l\u2019horreur nazie dans des expositions itin\u00e9rantes o\u00f9 nous emmenaient nos parents&nbsp;: les murs \u00e9taient couverts de photos en noir et blanc prises \u00e0 la lib\u00e9ration des camps d\u2019extermination et passait en boucle des chansons comme Nuit et Brouillard...\" \/>\n<meta property=\"og:url\" content=\"https:\/\/consumerinsight.eu\/marketingisdead\/ne-faisons-pas-begayer-lhistoire\/\" \/>\n<meta property=\"og:site_name\" content=\"Marketing is Dead\" \/>\n<meta property=\"article:published_time\" content=\"2015-12-03T16:23:00+00:00\" \/>\n<meta property=\"og:image\" content=\"http:\/\/marketingisdead.blogspirit.com\/media\/00\/00\/3755906795.jpg\" \/>\n<meta name=\"twitter:card\" content=\"summary\" \/>\n<meta name=\"twitter:label1\" content=\"\u00c9crit par\" \/>\n\t<meta name=\"twitter:data1\" content=\"Marketing is Dead\" \/>\n\t<meta name=\"twitter:label2\" content=\"Dur\u00e9e de lecture estim\u00e9e\" \/>\n\t<meta name=\"twitter:data2\" content=\"3 minutes\" \/>\n<script type=\"application\/ld+json\" class=\"yoast-schema-graph\">{\"@context\":\"https:\/\/schema.org\",\"@graph\":[{\"@type\":\"WebSite\",\"@id\":\"http:\/\/consumerinsight.eu\/marketingisdead\/#website\",\"url\":\"http:\/\/consumerinsight.eu\/marketingisdead\/\",\"name\":\"Marketing is Dead\",\"description\":\"Le marketing est mort, vive le marketing\",\"potentialAction\":[{\"@type\":\"SearchAction\",\"target\":{\"@type\":\"EntryPoint\",\"urlTemplate\":\"http:\/\/consumerinsight.eu\/marketingisdead\/?s={search_term_string}\"},\"query-input\":\"required name=search_term_string\"}],\"inLanguage\":\"fr-FR\"},{\"@type\":\"ImageObject\",\"@id\":\"https:\/\/consumerinsight.eu\/marketingisdead\/ne-faisons-pas-begayer-lhistoire\/#primaryimage\",\"inLanguage\":\"fr-FR\",\"url\":\"http:\/\/marketingisdead.blogspirit.com\/media\/00\/00\/3755906795.jpg\",\"contentUrl\":\"http:\/\/marketingisdead.blogspirit.com\/media\/00\/00\/3755906795.jpg\"},{\"@type\":\"WebPage\",\"@id\":\"https:\/\/consumerinsight.eu\/marketingisdead\/ne-faisons-pas-begayer-lhistoire\/#webpage\",\"url\":\"https:\/\/consumerinsight.eu\/marketingisdead\/ne-faisons-pas-begayer-lhistoire\/\",\"name\":\"Ne faisons pas b\u00e9gayer l\u2019histoire - Marketing is Dead\",\"isPartOf\":{\"@id\":\"http:\/\/consumerinsight.eu\/marketingisdead\/#website\"},\"primaryImageOfPage\":{\"@id\":\"https:\/\/consumerinsight.eu\/marketingisdead\/ne-faisons-pas-begayer-lhistoire\/#primaryimage\"},\"datePublished\":\"2015-12-03T16:23:00+00:00\",\"dateModified\":\"2015-12-03T16:23:00+00:00\",\"author\":{\"@id\":\"http:\/\/consumerinsight.eu\/marketingisdead\/#\/schema\/person\/4b45a7cf63a0e61687a577f5bed48d86\"},\"breadcrumb\":{\"@id\":\"https:\/\/consumerinsight.eu\/marketingisdead\/ne-faisons-pas-begayer-lhistoire\/#breadcrumb\"},\"inLanguage\":\"fr-FR\",\"potentialAction\":[{\"@type\":\"ReadAction\",\"target\":[\"https:\/\/consumerinsight.eu\/marketingisdead\/ne-faisons-pas-begayer-lhistoire\/\"]}]},{\"@type\":\"BreadcrumbList\",\"@id\":\"https:\/\/consumerinsight.eu\/marketingisdead\/ne-faisons-pas-begayer-lhistoire\/#breadcrumb\",\"itemListElement\":[{\"@type\":\"ListItem\",\"position\":1,\"name\":\"Accueil\",\"item\":\"http:\/\/consumerinsight.eu\/marketingisdead\/\"},{\"@type\":\"ListItem\",\"position\":2,\"name\":\"Ne faisons pas b\u00e9gayer l\u2019histoire\"}]},{\"@type\":\"Person\",\"@id\":\"http:\/\/consumerinsight.eu\/marketingisdead\/#\/schema\/person\/4b45a7cf63a0e61687a577f5bed48d86\",\"name\":\"Marketing is Dead\",\"image\":{\"@type\":\"ImageObject\",\"@id\":\"http:\/\/consumerinsight.eu\/marketingisdead\/#personlogo\",\"inLanguage\":\"fr-FR\",\"url\":\"http:\/\/0.gravatar.com\/avatar\/fc33689a54cb0b0978c5d72999ffbbda?s=96&d=mm&r=g\",\"contentUrl\":\"http:\/\/0.gravatar.com\/avatar\/fc33689a54cb0b0978c5d72999ffbbda?s=96&d=mm&r=g\",\"caption\":\"Marketing is Dead\"},\"url\":\"http:\/\/consumerinsight.eu\/marketingisdead\/administrateur\/marketing-is-dead\/\"}]}<\/script>\n<!-- \/ Yoast SEO plugin. -->","yoast_head_json":{"title":"Ne faisons pas b\u00e9gayer l\u2019histoire - Marketing is Dead","robots":{"index":"index","follow":"follow","max-snippet":"max-snippet:-1","max-image-preview":"max-image-preview:large","max-video-preview":"max-video-preview:-1"},"canonical":"https:\/\/consumerinsight.eu\/marketingisdead\/ne-faisons-pas-begayer-lhistoire\/","og_locale":"fr_FR","og_type":"article","og_title":"Ne faisons pas b\u00e9gayer l\u2019histoire - Marketing is Dead","og_description":"Je suis d\u2019une g\u00e9n\u00e9ration qui a d\u00e9couvert l\u2019horreur nazie dans des expositions itin\u00e9rantes o\u00f9 nous emmenaient nos parents&nbsp;: les murs \u00e9taient couverts de photos en noir et blanc prises \u00e0 la lib\u00e9ration des camps d\u2019extermination et passait en boucle des chansons comme Nuit et Brouillard...","og_url":"https:\/\/consumerinsight.eu\/marketingisdead\/ne-faisons-pas-begayer-lhistoire\/","og_site_name":"Marketing is Dead","article_published_time":"2015-12-03T16:23:00+00:00","og_image":[{"url":"http:\/\/marketingisdead.blogspirit.com\/media\/00\/00\/3755906795.jpg"}],"twitter_card":"summary","twitter_misc":{"\u00c9crit par":"Marketing is Dead","Dur\u00e9e de lecture estim\u00e9e":"3 minutes"},"schema":{"@context":"https:\/\/schema.org","@graph":[{"@type":"WebSite","@id":"http:\/\/consumerinsight.eu\/marketingisdead\/#website","url":"http:\/\/consumerinsight.eu\/marketingisdead\/","name":"Marketing is Dead","description":"Le marketing est mort, vive le marketing","potentialAction":[{"@type":"SearchAction","target":{"@type":"EntryPoint","urlTemplate":"http:\/\/consumerinsight.eu\/marketingisdead\/?s={search_term_string}"},"query-input":"required name=search_term_string"}],"inLanguage":"fr-FR"},{"@type":"ImageObject","@id":"https:\/\/consumerinsight.eu\/marketingisdead\/ne-faisons-pas-begayer-lhistoire\/#primaryimage","inLanguage":"fr-FR","url":"http:\/\/marketingisdead.blogspirit.com\/media\/00\/00\/3755906795.jpg","contentUrl":"http:\/\/marketingisdead.blogspirit.com\/media\/00\/00\/3755906795.jpg"},{"@type":"WebPage","@id":"https:\/\/consumerinsight.eu\/marketingisdead\/ne-faisons-pas-begayer-lhistoire\/#webpage","url":"https:\/\/consumerinsight.eu\/marketingisdead\/ne-faisons-pas-begayer-lhistoire\/","name":"Ne faisons pas b\u00e9gayer l\u2019histoire - Marketing is Dead","isPartOf":{"@id":"http:\/\/consumerinsight.eu\/marketingisdead\/#website"},"primaryImageOfPage":{"@id":"https:\/\/consumerinsight.eu\/marketingisdead\/ne-faisons-pas-begayer-lhistoire\/#primaryimage"},"datePublished":"2015-12-03T16:23:00+00:00","dateModified":"2015-12-03T16:23:00+00:00","author":{"@id":"http:\/\/consumerinsight.eu\/marketingisdead\/#\/schema\/person\/4b45a7cf63a0e61687a577f5bed48d86"},"breadcrumb":{"@id":"https:\/\/consumerinsight.eu\/marketingisdead\/ne-faisons-pas-begayer-lhistoire\/#breadcrumb"},"inLanguage":"fr-FR","potentialAction":[{"@type":"ReadAction","target":["https:\/\/consumerinsight.eu\/marketingisdead\/ne-faisons-pas-begayer-lhistoire\/"]}]},{"@type":"BreadcrumbList","@id":"https:\/\/consumerinsight.eu\/marketingisdead\/ne-faisons-pas-begayer-lhistoire\/#breadcrumb","itemListElement":[{"@type":"ListItem","position":1,"name":"Accueil","item":"http:\/\/consumerinsight.eu\/marketingisdead\/"},{"@type":"ListItem","position":2,"name":"Ne faisons pas b\u00e9gayer l\u2019histoire"}]},{"@type":"Person","@id":"http:\/\/consumerinsight.eu\/marketingisdead\/#\/schema\/person\/4b45a7cf63a0e61687a577f5bed48d86","name":"Marketing is Dead","image":{"@type":"ImageObject","@id":"http:\/\/consumerinsight.eu\/marketingisdead\/#personlogo","inLanguage":"fr-FR","url":"http:\/\/0.gravatar.com\/avatar\/fc33689a54cb0b0978c5d72999ffbbda?s=96&d=mm&r=g","contentUrl":"http:\/\/0.gravatar.com\/avatar\/fc33689a54cb0b0978c5d72999ffbbda?s=96&d=mm&r=g","caption":"Marketing is Dead"},"url":"http:\/\/consumerinsight.eu\/marketingisdead\/administrateur\/marketing-is-dead\/"}]}},"jetpack_featured_media_url":"","jetpack_publicize_connections":[],"jetpack_sharing_enabled":true,"jetpack_shortlink":"https:\/\/wp.me\/p7oQEP-6tB","jetpack-related-posts":[{"id":24780,"url":"http:\/\/consumerinsight.eu\/marketingisdead\/la-pensee-magique-du-net-2\/","url_meta":{"origin":24899,"position":0},"title":"La Pens\u00e9e Magique Du Net","date":"10 d\u00e9cembre 2014","format":false,"excerpt":"Herv\u00e9 Fischer vient de publier\u00a0: La Pens\u00e9e Magique Du Net\u00a0; rencontre avec un auteur fran\u00e7ais exil\u00e9 au Canada, fondateur en 2014 \u00e0 Montr\u00e9al de la Soci\u00e9t\u00e9 internationale de mythanalyse, \u00e0 la biographie particuli\u00e8rement riche, et trop m\u00e9connu en France.MarketingIsDead :Tu d\u00e9clares \u00e9prouver une \u00ab\u00a0fascination critique face au num\u00e9rique\u00a0\u00bb\u00a0: peux-tu pr\u00e9ciser\u2026","rel":"","context":"Dans &quot;Interviews 2.0&quot;","img":{"alt_text":"","src":"","width":0,"height":0},"classes":[]},{"id":26538,"url":"http:\/\/consumerinsight.eu\/marketingisdead\/cest-comme-ca-helas\/","url_meta":{"origin":24899,"position":1},"title":"C\u2019est comme \u00e7a \u2026 h\u00e9las","date":"13 avril 2022","format":"gallery","excerpt":"J\u2019aurais d\u00fb me m\u00e9fier quand j\u2019ai lu sur le programme\u00a0: \u00ab\u00a0Un 4\u00e8me acte, un regard sur l\u2019histoire\u00a0\u00bb et \u00ab\u00a0je pousse plus loin la com\u00e9die de Pirandello en adaptant la pi\u00e8ce originale\u00a0\u00bb\u00a0! Nouvelle traduction, la pi\u00e8ce de Pirandello ne s\u2019appelle plus \u00c0 chacun sa v\u00e9rit\u00e9, mais C\u2019est comme \u00e7a (si vous\u2026","rel":"","context":"Dans &quot;Culture(s)&quot;","img":{"alt_text":"","src":"https:\/\/i0.wp.com\/consumerinsight.eu\/marketingisdead\/wp-content\/uploads\/sites\/2\/2022\/04\/Luigi-Pirandello.jpg?fit=568%2C568&resize=350%2C200","width":350,"height":200},"classes":[]},{"id":26372,"url":"http:\/\/consumerinsight.eu\/marketingisdead\/a-louest-et-partout-ailleurs-toujours-rien-de-nouveau-1\/","url_meta":{"origin":24899,"position":2},"title":"\u00c0 l\u2019ouest, et partout ailleurs, toujours rien de nouveau #1","date":"22 mars 2021","format":"gallery","excerpt":"1er \u00e9pisode de ma contribution\u00a0\u00e0 L\u2019Horrificque Disputatio, ouvrage collectif des Mardis du Luxembourg. \u00ab\u00a0Nous sommes en guerre\u00a0\u00bb\u00a0; \u00ab\u00a0Nous faisons la guerre parce qu\u2019on nous l\u2019a impos\u00e9e\u00a0\u00bb\u00a0: des d\u00e9clarations qui semble dater d\u2019un autre temps, et dans un autre monde \u2026 et pourtant \u00e7a nous pend toujours au nez, comme des\u2026","rel":"","context":"Dans &quot;Mardis du Luxembourg&quot;","img":{"alt_text":"","src":"https:\/\/i0.wp.com\/consumerinsight.eu\/marketingisdead\/wp-content\/uploads\/sites\/2\/2021\/03\/P1500771.jpg?fit=640%2C427&resize=350%2C200","width":350,"height":200},"classes":[]},{"id":26811,"url":"http:\/\/consumerinsight.eu\/marketingisdead\/le-marketing-digital-de-a-z-rencontre-avec-yann-gourvennec\/","url_meta":{"origin":24899,"position":3},"title":"Le Marketing digital de @ \u00e0 Z, rencontre avec Yann Gourvennec","date":"27 mars 2024","format":"gallery","excerpt":"MarketingIsDead\u00a0: Avec ton complice Hubert Kratiroff, tu viens de publier la nouvelle Bible du marketing digital, mais n\u2019est-ce pas aujourd\u2019hui un truisme\u00a0? Peut-on faire du marketing non digital\u00a0? Yann Gourvennec\u00a0: Commen\u00e7ons par pr\u00e9ciser que ce terme de \u00ab\u00a0nouvelle Bible du marketing digital\u00a0\u00bb n\u2019est pas de notre fait. C\u2019est la phrase\u2026","rel":"","context":"Dans &quot;Interviews&quot;","img":{"alt_text":"","src":"https:\/\/i0.wp.com\/consumerinsight.eu\/marketingisdead\/wp-content\/uploads\/sites\/2\/2024\/03\/Yann.jpeg?fit=400%2C400&resize=350%2C200","width":350,"height":200},"classes":[]},{"id":26183,"url":"http:\/\/consumerinsight.eu\/marketingisdead\/quelques-nouvelles-du-front-avec-herve-kabla\/","url_meta":{"origin":24899,"position":4},"title":"Quelques nouvelles du front avec Herv\u00e9 Kabla","date":"24 avril 2020","format":"gallery","excerpt":"Vient de para\u00eetre aux \u00e9ditions Kawa Le confinement expliqu\u00e9 \u00e0 mon boss\u00a0; rencontre avec son initiateur Herv\u00e9 Kabla. MarketingIsDead\u00a0: Pourquoi un tel livre alors qu'on parle d\u00e9j\u00e0 de d\u00e9confinement ? Herv\u00e9 Kabla\u00a0: D\u00e9confinement, vraiment ? je ne suis pas si optimiste. Quand le gouvernement parle du 11 mai, quand on\u2026","rel":"","context":"Dans &quot;Interviews&quot;","img":{"alt_text":"","src":"https:\/\/i0.wp.com\/consumerinsight.eu\/marketingisdead\/wp-content\/uploads\/sites\/2\/2020\/04\/hkl-adetem.jpg?fit=548%2C480&resize=350%2C200","width":350,"height":200},"classes":[]},{"id":25906,"url":"http:\/\/consumerinsight.eu\/marketingisdead\/ils-sont-le-futur-des-etudes-nathalie-folcher\/","url_meta":{"origin":24899,"position":5},"title":"Ils sont le futur des \u00e9tudes\u00a0: Nathalie Folcher","date":"4 f\u00e9vrier 2019","format":"gallery","excerpt":"Qu\u2019attendent les Digital Natives d\u2019une profession fa\u00e7onn\u00e9e et structur\u00e9e par les Digital Immigrants, quelles sont leurs aspirations profondes ? Huit d\u2019entre eux sont venus t\u00e9moigner lors de la derni\u00e8re Journ\u00e9e Nationale des Etudes Adetem\/Uda. Pour prolonger les d\u00e9bats, ils ont accept\u00e9 de jouer le jeu d\u2019un rapide interview\u00a0: voici les\u2026","rel":"","context":"Dans &quot;Interviews&quot;","img":{"alt_text":"","src":"https:\/\/i0.wp.com\/consumerinsight.eu\/marketingisdead\/wp-content\/uploads\/sites\/2\/2019\/02\/Nathalie-Folcher.jpg?fit=493%2C480&resize=350%2C200","width":350,"height":200},"classes":[]}],"_links":{"self":[{"href":"http:\/\/consumerinsight.eu\/marketingisdead\/wp-json\/wp\/v2\/posts\/24899"}],"collection":[{"href":"http:\/\/consumerinsight.eu\/marketingisdead\/wp-json\/wp\/v2\/posts"}],"about":[{"href":"http:\/\/consumerinsight.eu\/marketingisdead\/wp-json\/wp\/v2\/types\/post"}],"author":[{"embeddable":true,"href":"http:\/\/consumerinsight.eu\/marketingisdead\/wp-json\/wp\/v2\/users\/1"}],"replies":[{"embeddable":true,"href":"http:\/\/consumerinsight.eu\/marketingisdead\/wp-json\/wp\/v2\/comments?post=24899"}],"version-history":[{"count":0,"href":"http:\/\/consumerinsight.eu\/marketingisdead\/wp-json\/wp\/v2\/posts\/24899\/revisions"}],"wp:attachment":[{"href":"http:\/\/consumerinsight.eu\/marketingisdead\/wp-json\/wp\/v2\/media?parent=24899"}],"wp:term":[{"taxonomy":"category","embeddable":true,"href":"http:\/\/consumerinsight.eu\/marketingisdead\/wp-json\/wp\/v2\/categories?post=24899"},{"taxonomy":"post_tag","embeddable":true,"href":"http:\/\/consumerinsight.eu\/marketingisdead\/wp-json\/wp\/v2\/tags?post=24899"}],"curies":[{"name":"wp","href":"https:\/\/api.w.org\/{rel}","templated":true}]}}