{"id":24809,"date":"2009-08-31T20:02:15","date_gmt":"2009-08-31T20:02:15","guid":{"rendered":"http:\/\/marketingisdead.blogspirit.com\/archive\/2009\/08\/31\/le-jour-du-blog.html"},"modified":"2009-08-31T20:02:15","modified_gmt":"2009-08-31T20:02:15","slug":"le-jour-du-blog-2","status":"publish","type":"post","link":"http:\/\/consumerinsight.eu\/marketingisdead\/le-jour-du-blog-2\/","title":{"rendered":"Le Jour du Blog"},"content":{"rendered":"<p><img src=\"https:\/\/i0.wp.com\/marketingisdead.blogspirit.com\/media\/01\/00\/1655779044.jpg?w=1060\" id=\"media-395633\" alt=\"Blog Day.jpg\" style=\"border-width: 0; float: left; margin: 0.2em 1.4em 0.7em 0;\" name=\"media-395633\" data-recalc-dims=\"1\" \/>D\u00e9couvert &#8211; avec un poil de retard &#8211; gr\u00e2ce \u00e0 <i>Julien Bonnel<\/i>, que le 31 ao\u00fbt se d\u00e9roulait la 4\u00e8me \u00e9dition du <a href=\"http:\/\/www.blogday.org\/fr.htm\" target=\"_blank\">BlogDay<\/a>.<\/p>\n<p><i>\u00ab\u00a0Ce Jour du Blog a \u00e9t\u00e9 cr\u00e9e en pensant que les bloggers devaient avoir un jour qui serait d\u00e9di\u00e9 \u00e0 conna\u00eetre les autres bloggers, d&rsquo;autre pays ou d&rsquo;autres centres d&rsquo;int\u00e9r\u00eats. Ce jour-l\u00e0, les bloggers pourraient les recommander aux visiteurs de leur blog\u00a0\u00bb<\/i> : je sais, \u00e7a fait un peu jargon, \u00e7a sent la traduction automatique, mais c&rsquo;est comme \u00e7a qu&rsquo;on cause sur le site du <a href=\"http:\/\/www.blogday.org\/fr.htm\" target=\"_blank\">BlogDay<\/a>.<\/p>\n<p><i>Julien Bonnel<\/i>, vous ne connaissez pas ? C&rsquo;est <a target=\"_blank\" href=\"http:\/\/jbonnel.over-blog.com\/\" title=\"Marketing et Technologies\">Marketing et Technologies<\/a>, dans la rubrique <i>P&rsquo;tits jeunes<\/i> de la colonne de gauche.<\/p>\n<p><i>\u00ab\u00a0Pour ma premi\u00e8re participation je vais d\u00e9roger \u00e0 la r\u00e8gle en vous recommandant 5 blogs proches de mes centres d&rsquo;int\u00e9r\u00eats\u00a0\u00bb<\/i> : voil\u00e0 pourquoi je me suis retrouv\u00e9 avec quelques autres &#8211; dont mon copain <i>Gourvenec<\/i> &#8211; <a target=\"_blank\" href=\"http:\/\/visionary.wordpress.com\/\" title=\"Visionary Marketing\">Visionary Marketing<\/a> &#8211; dans son post d&rsquo;aujourd&rsquo;hui.<\/p>\n<p>Bon, si je devais quand m\u00eame citer quelques blogs d&rsquo;autres cultures ou d&rsquo;autres centres d&rsquo;int\u00e9r\u00eats &#8230;<\/p>\n<p>Il y aurait certainement les iconoclastes <a target=\"_blank\" href=\"http:\/\/helvetia-atao.blogspot.com\/\" title=\"Un Breton vivant en Suisse\">Un Breton vivant en Suisse<\/a>, de <i>Riwal Ferry<\/i>, et <a target=\"_blank\" href=\"http:\/\/indisciplineintellectuelle.blogspirit.com\/\" title=\"Indiscipline intellectuelle\">Indiscipline intellectuelle<\/a>, de <i>Thierry Groussin<\/i>. Jusque-l\u00e0, pas trop de soucis, ils sont dans la liste de gauche &#8211; pas dans les <i>P&rsquo;tits jeunes<\/i>, c&rsquo;est fini pour eux !<\/p>\n<p>Pour ne pas me montrer trop \u00e0 cheval sur les principes et les r\u00e8gles de ce Jour du Blog, il y aura aussi <a target=\"_blank\" href=\"http:\/\/hyppoblog.blogscheval.net\/\" title=\"Hyppo Blog\">Hyppo Blog<\/a>, le blog cavalier &#8211; en tous les sens du terme &#8211; de <i>Philippe Noel<\/i>.<\/p>\n<p>Allez, un peu d&rsquo;exotisme &#8211; mais en restant dans le marketing, alors &#8211; avec <a target=\"_blank\" href=\"http:\/\/www.theextraordinaryexperience.com\/\" title=\"The Extraordinary Experience\">The Extraordinary Experience<\/a>, d&rsquo;<i>Emmanuel Probst<\/i> : c&rsquo;est en anglais, il vit dans une des plus villes am\u00e9ricaines : Chicago !<\/p>\n<p>Et bien s\u00fbr, pour terminer, l&rsquo;excellent blog d&rsquo;<i>Henri Kaufman<\/i> &#8230; mais non, pas <a target=\"_blank\" href=\"http:\/\/henrikaufman.typepad.com\/et_si_lon_parlait_marketi\/\" title=\"Et si l'on parlait marketing\">Et si l&rsquo;on parlait marketing<\/a>, bien trop c\u00e9l\u00e8bre pour vous le faire d\u00e9couvrir ; mais son extraordinaire <a target=\"_blank\" href=\"http:\/\/henrikaufman.typepad.com\/misstic_fanclub\/\">Miss.Tic FanClub<\/a> &#8211; une artiste de rue g\u00e9niale, siamoise de la sorci\u00e8re de Picsou !<\/p>\n<p> Et voil\u00e0, c&rsquo;est boucle !<\/p>\n","protected":false},"excerpt":{"rendered":"<p>D\u00e9couvert &#8211; avec un poil de retard &#8211; gr\u00e2ce \u00e0 Julien Bonnel, que le 31 ao\u00fbt se d\u00e9roulait la 4\u00e8me \u00e9dition du BlogDay. \u00ab\u00a0Ce Jour du Blog a \u00e9t\u00e9 cr\u00e9e en pensant que les bloggers devaient avoir un jour qui serait d\u00e9di\u00e9 \u00e0 conna\u00eetre les&#8230;<\/p>\n","protected":false},"author":1,"featured_media":0,"comment_status":"open","ping_status":"open","sticky":false,"template":"","format":"standard","meta":{"spay_email":"","jetpack_publicize_message":"","jetpack_is_tweetstorm":false,"jetpack_publicize_feature_enabled":true},"categories":[152],"tags":[],"yoast_head":"<!-- This site is optimized with the Yoast SEO plugin v18.3 - https:\/\/yoast.com\/wordpress\/plugins\/seo\/ -->\n<title>Le Jour du Blog - Marketing is Dead<\/title>\n<meta name=\"robots\" content=\"index, follow, max-snippet:-1, max-image-preview:large, max-video-preview:-1\" \/>\n<link rel=\"canonical\" href=\"http:\/\/consumerinsight.eu\/marketingisdead\/le-jour-du-blog-2\/\" \/>\n<meta property=\"og:locale\" content=\"fr_FR\" \/>\n<meta property=\"og:type\" content=\"article\" \/>\n<meta property=\"og:title\" content=\"Le Jour du Blog - Marketing is Dead\" \/>\n<meta property=\"og:description\" content=\"D\u00e9couvert &#8211; avec un poil de retard &#8211; gr\u00e2ce \u00e0 Julien Bonnel, que le 31 ao\u00fbt se d\u00e9roulait la 4\u00e8me \u00e9dition du BlogDay. \u00ab\u00a0Ce Jour du Blog a \u00e9t\u00e9 cr\u00e9e en pensant que les bloggers devaient avoir un jour qui serait d\u00e9di\u00e9 \u00e0 conna\u00eetre les...\" \/>\n<meta property=\"og:url\" content=\"http:\/\/consumerinsight.eu\/marketingisdead\/le-jour-du-blog-2\/\" \/>\n<meta property=\"og:site_name\" content=\"Marketing is Dead\" \/>\n<meta property=\"article:published_time\" content=\"2009-08-31T20:02:15+00:00\" \/>\n<meta property=\"og:image\" content=\"http:\/\/marketingisdead.blogspirit.com\/media\/01\/00\/1655779044.jpg\" \/>\n<meta name=\"twitter:card\" content=\"summary\" \/>\n<meta name=\"twitter:label1\" content=\"\u00c9crit par\" \/>\n\t<meta name=\"twitter:data1\" content=\"Marketing is Dead\" \/>\n\t<meta name=\"twitter:label2\" content=\"Dur\u00e9e de lecture estim\u00e9e\" \/>\n\t<meta name=\"twitter:data2\" content=\"2 minutes\" \/>\n<script type=\"application\/ld+json\" class=\"yoast-schema-graph\">{\"@context\":\"https:\/\/schema.org\",\"@graph\":[{\"@type\":\"WebSite\",\"@id\":\"http:\/\/consumerinsight.eu\/marketingisdead\/#website\",\"url\":\"http:\/\/consumerinsight.eu\/marketingisdead\/\",\"name\":\"Marketing is Dead\",\"description\":\"Le marketing est mort, vive le marketing\",\"potentialAction\":[{\"@type\":\"SearchAction\",\"target\":{\"@type\":\"EntryPoint\",\"urlTemplate\":\"http:\/\/consumerinsight.eu\/marketingisdead\/?s={search_term_string}\"},\"query-input\":\"required name=search_term_string\"}],\"inLanguage\":\"fr-FR\"},{\"@type\":\"ImageObject\",\"@id\":\"http:\/\/consumerinsight.eu\/marketingisdead\/le-jour-du-blog-2\/#primaryimage\",\"inLanguage\":\"fr-FR\",\"url\":\"http:\/\/marketingisdead.blogspirit.com\/media\/01\/00\/1655779044.jpg\",\"contentUrl\":\"http:\/\/marketingisdead.blogspirit.com\/media\/01\/00\/1655779044.jpg\"},{\"@type\":\"WebPage\",\"@id\":\"http:\/\/consumerinsight.eu\/marketingisdead\/le-jour-du-blog-2\/#webpage\",\"url\":\"http:\/\/consumerinsight.eu\/marketingisdead\/le-jour-du-blog-2\/\",\"name\":\"Le Jour du Blog - Marketing is Dead\",\"isPartOf\":{\"@id\":\"http:\/\/consumerinsight.eu\/marketingisdead\/#website\"},\"primaryImageOfPage\":{\"@id\":\"http:\/\/consumerinsight.eu\/marketingisdead\/le-jour-du-blog-2\/#primaryimage\"},\"datePublished\":\"2009-08-31T20:02:15+00:00\",\"dateModified\":\"2009-08-31T20:02:15+00:00\",\"author\":{\"@id\":\"http:\/\/consumerinsight.eu\/marketingisdead\/#\/schema\/person\/4b45a7cf63a0e61687a577f5bed48d86\"},\"breadcrumb\":{\"@id\":\"http:\/\/consumerinsight.eu\/marketingisdead\/le-jour-du-blog-2\/#breadcrumb\"},\"inLanguage\":\"fr-FR\",\"potentialAction\":[{\"@type\":\"ReadAction\",\"target\":[\"http:\/\/consumerinsight.eu\/marketingisdead\/le-jour-du-blog-2\/\"]}]},{\"@type\":\"BreadcrumbList\",\"@id\":\"http:\/\/consumerinsight.eu\/marketingisdead\/le-jour-du-blog-2\/#breadcrumb\",\"itemListElement\":[{\"@type\":\"ListItem\",\"position\":1,\"name\":\"Accueil\",\"item\":\"http:\/\/consumerinsight.eu\/marketingisdead\/\"},{\"@type\":\"ListItem\",\"position\":2,\"name\":\"Le Jour du Blog\"}]},{\"@type\":\"Person\",\"@id\":\"http:\/\/consumerinsight.eu\/marketingisdead\/#\/schema\/person\/4b45a7cf63a0e61687a577f5bed48d86\",\"name\":\"Marketing is Dead\",\"image\":{\"@type\":\"ImageObject\",\"@id\":\"http:\/\/consumerinsight.eu\/marketingisdead\/#personlogo\",\"inLanguage\":\"fr-FR\",\"url\":\"http:\/\/0.gravatar.com\/avatar\/fc33689a54cb0b0978c5d72999ffbbda?s=96&d=mm&r=g\",\"contentUrl\":\"http:\/\/0.gravatar.com\/avatar\/fc33689a54cb0b0978c5d72999ffbbda?s=96&d=mm&r=g\",\"caption\":\"Marketing is Dead\"},\"url\":\"http:\/\/consumerinsight.eu\/marketingisdead\/administrateur\/marketing-is-dead\/\"}]}<\/script>\n<!-- \/ Yoast SEO plugin. -->","yoast_head_json":{"title":"Le Jour du Blog - Marketing is Dead","robots":{"index":"index","follow":"follow","max-snippet":"max-snippet:-1","max-image-preview":"max-image-preview:large","max-video-preview":"max-video-preview:-1"},"canonical":"http:\/\/consumerinsight.eu\/marketingisdead\/le-jour-du-blog-2\/","og_locale":"fr_FR","og_type":"article","og_title":"Le Jour du Blog - Marketing is Dead","og_description":"D\u00e9couvert &#8211; avec un poil de retard &#8211; gr\u00e2ce \u00e0 Julien Bonnel, que le 31 ao\u00fbt se d\u00e9roulait la 4\u00e8me \u00e9dition du BlogDay. \u00ab\u00a0Ce Jour du Blog a \u00e9t\u00e9 cr\u00e9e en pensant que les bloggers devaient avoir un jour qui serait d\u00e9di\u00e9 \u00e0 conna\u00eetre les...","og_url":"http:\/\/consumerinsight.eu\/marketingisdead\/le-jour-du-blog-2\/","og_site_name":"Marketing is Dead","article_published_time":"2009-08-31T20:02:15+00:00","og_image":[{"url":"http:\/\/marketingisdead.blogspirit.com\/media\/01\/00\/1655779044.jpg"}],"twitter_card":"summary","twitter_misc":{"\u00c9crit par":"Marketing is Dead","Dur\u00e9e de lecture estim\u00e9e":"2 minutes"},"schema":{"@context":"https:\/\/schema.org","@graph":[{"@type":"WebSite","@id":"http:\/\/consumerinsight.eu\/marketingisdead\/#website","url":"http:\/\/consumerinsight.eu\/marketingisdead\/","name":"Marketing is Dead","description":"Le marketing est mort, vive le marketing","potentialAction":[{"@type":"SearchAction","target":{"@type":"EntryPoint","urlTemplate":"http:\/\/consumerinsight.eu\/marketingisdead\/?s={search_term_string}"},"query-input":"required name=search_term_string"}],"inLanguage":"fr-FR"},{"@type":"ImageObject","@id":"http:\/\/consumerinsight.eu\/marketingisdead\/le-jour-du-blog-2\/#primaryimage","inLanguage":"fr-FR","url":"http:\/\/marketingisdead.blogspirit.com\/media\/01\/00\/1655779044.jpg","contentUrl":"http:\/\/marketingisdead.blogspirit.com\/media\/01\/00\/1655779044.jpg"},{"@type":"WebPage","@id":"http:\/\/consumerinsight.eu\/marketingisdead\/le-jour-du-blog-2\/#webpage","url":"http:\/\/consumerinsight.eu\/marketingisdead\/le-jour-du-blog-2\/","name":"Le Jour du Blog - Marketing is Dead","isPartOf":{"@id":"http:\/\/consumerinsight.eu\/marketingisdead\/#website"},"primaryImageOfPage":{"@id":"http:\/\/consumerinsight.eu\/marketingisdead\/le-jour-du-blog-2\/#primaryimage"},"datePublished":"2009-08-31T20:02:15+00:00","dateModified":"2009-08-31T20:02:15+00:00","author":{"@id":"http:\/\/consumerinsight.eu\/marketingisdead\/#\/schema\/person\/4b45a7cf63a0e61687a577f5bed48d86"},"breadcrumb":{"@id":"http:\/\/consumerinsight.eu\/marketingisdead\/le-jour-du-blog-2\/#breadcrumb"},"inLanguage":"fr-FR","potentialAction":[{"@type":"ReadAction","target":["http:\/\/consumerinsight.eu\/marketingisdead\/le-jour-du-blog-2\/"]}]},{"@type":"BreadcrumbList","@id":"http:\/\/consumerinsight.eu\/marketingisdead\/le-jour-du-blog-2\/#breadcrumb","itemListElement":[{"@type":"ListItem","position":1,"name":"Accueil","item":"http:\/\/consumerinsight.eu\/marketingisdead\/"},{"@type":"ListItem","position":2,"name":"Le Jour du Blog"}]},{"@type":"Person","@id":"http:\/\/consumerinsight.eu\/marketingisdead\/#\/schema\/person\/4b45a7cf63a0e61687a577f5bed48d86","name":"Marketing is Dead","image":{"@type":"ImageObject","@id":"http:\/\/consumerinsight.eu\/marketingisdead\/#personlogo","inLanguage":"fr-FR","url":"http:\/\/0.gravatar.com\/avatar\/fc33689a54cb0b0978c5d72999ffbbda?s=96&d=mm&r=g","contentUrl":"http:\/\/0.gravatar.com\/avatar\/fc33689a54cb0b0978c5d72999ffbbda?s=96&d=mm&r=g","caption":"Marketing is Dead"},"url":"http:\/\/consumerinsight.eu\/marketingisdead\/administrateur\/marketing-is-dead\/"}]}},"jetpack_featured_media_url":"","jetpack_publicize_connections":[],"jetpack_sharing_enabled":true,"jetpack_shortlink":"https:\/\/wp.me\/p7oQEP-6s9","jetpack-related-posts":[{"id":26538,"url":"http:\/\/consumerinsight.eu\/marketingisdead\/cest-comme-ca-helas\/","url_meta":{"origin":24809,"position":0},"title":"C\u2019est comme \u00e7a \u2026 h\u00e9las","date":"13 avril 2022","format":"gallery","excerpt":"J\u2019aurais d\u00fb me m\u00e9fier quand j\u2019ai lu sur le programme\u00a0: \u00ab\u00a0Un 4\u00e8me acte, un regard sur l\u2019histoire\u00a0\u00bb et \u00ab\u00a0je pousse plus loin la com\u00e9die de Pirandello en adaptant la pi\u00e8ce originale\u00a0\u00bb\u00a0! Nouvelle traduction, la pi\u00e8ce de Pirandello ne s\u2019appelle plus \u00c0 chacun sa v\u00e9rit\u00e9, mais C\u2019est comme \u00e7a (si vous\u2026","rel":"","context":"Dans &quot;Culture(s)&quot;","img":{"alt_text":"","src":"https:\/\/i0.wp.com\/consumerinsight.eu\/marketingisdead\/wp-content\/uploads\/sites\/2\/2022\/04\/Luigi-Pirandello.jpg?fit=568%2C568&resize=350%2C200","width":350,"height":200},"classes":[]},{"id":26771,"url":"http:\/\/consumerinsight.eu\/marketingisdead\/yann-gourvennec\/","url_meta":{"origin":24809,"position":1},"title":"L\u2019IA g\u00e9n\u00e9rative, par Yann Gourvennec","date":"12 janvier 2024","format":"gallery","excerpt":"L\u2019IA g\u00e9n\u00e9rative, le nouvel Eldorado \u2026 ou le nouveau M\u00e9tavers\u00a0? Tandis que chantres de l\u2019IA g\u00e9n\u00e9rative regardent le verre \u00e0 moiti\u00e9 plein, ses d\u00e9tracteurs contemplent le verre \u00e0 moiti\u00e9 vide\u00a0: mais o\u00f9 se situe la r\u00e9alit\u00e9, dans tout \u00e7a\u00a0? Pour (tenter de) y r\u00e9pondre, le 7 f\u00e9vrier au matin, le\u2026","rel":"","context":"Dans &quot;Actualit\u00e9&quot;","img":{"alt_text":"","src":"https:\/\/i0.wp.com\/consumerinsight.eu\/marketingisdead\/wp-content\/uploads\/sites\/2\/2024\/01\/Yann.jpeg?fit=400%2C400&resize=350%2C200","width":350,"height":200},"classes":[]},{"id":26888,"url":"http:\/\/consumerinsight.eu\/marketingisdead\/tarom-ceausescu-pas-vraiment-mort\/","url_meta":{"origin":24809,"position":2},"title":"Tarom\u00a0: Ceausescu pas vraiment mort\u2026","date":"31 d\u00e9cembre 2025","format":"gallery","excerpt":"\u2026 ou du moins la bureaucratie de l'ancien r\u00e9gime communiste, \u00e0 l\u2019image lourde d\u2019incomp\u00e9tence\u00a0! Dimanche 21, nous rendant en Roumanie pour les f\u00eates de No\u00ebl, nous proc\u00e9dons d\u00e8s 10 heures \u00e0 l\u2019enregistrement sur le vol Tarom de 12 heures pour Bucarest, passons tranquillement la s\u00e9curit\u00e9 et attendons patiemment l\u2019embarquement \u00e0\u2026","rel":"","context":"Dans &quot;Coups de gueule&quot;","img":{"alt_text":"","src":"https:\/\/i0.wp.com\/consumerinsight.eu\/marketingisdead\/wp-content\/uploads\/sites\/2\/2025\/12\/RO-AF-1.jpg?fit=815%2C1200&resize=350%2C200","width":350,"height":200},"classes":[]},{"id":24738,"url":"http:\/\/consumerinsight.eu\/marketingisdead\/les-naufrages-du-fol-espoir-2\/","url_meta":{"origin":24809,"position":3},"title":"Les Naufrag\u00e9s du Fol Espoir","date":"7 novembre 2010","format":false,"excerpt":"Samedi 6 novembre au soir, la troupe du Th\u00e9\u00e2tre du Soleil s\u2019active d\u00e8s 18 heures 45 \u2026 pour servir \u00e0 d\u00eener aux spectateurs devant qui ils joueront, 3 heures 45 durant, Les Naufrag\u00e9s du Fol Espoir\u00a0: ils sont tous l\u00e0, en costumes, souriant, \u00e0 proposer plats du jour et salades\u2026","rel":"","context":"Dans &quot;Culture(s)&quot;","img":{"alt_text":"","src":"","width":0,"height":0},"classes":[]},{"id":26710,"url":"http:\/\/consumerinsight.eu\/marketingisdead\/turkish-airlines-le-specialiste-du-surbooking\/","url_meta":{"origin":24809,"position":4},"title":"Turkish Airlines, LE sp\u00e9cialiste \u2026 du surbooking\u00a0!","date":"8 novembre 2023","format":"gallery","excerpt":"Le surbooking constitue une des plaies majeures du transport a\u00e9rien, m\u00eame si cette pratique n\u2019est pas ill\u00e9gale en soir \u2026 mais tr\u00e8s fortement encadr\u00e9e en Europe et maintenant aux USA, depuis l\u2019\u00e9vacuation forc\u00e9e d\u2019un passager d\u2019United Airlines qui refusait d\u2019\u00eatre d\u00e9barqu\u00e9\u00a0pour laisser sa place \u00e0 un employ\u00e9 de la compagnie\u00a0:\u2026","rel":"","context":"Dans &quot;Coups de gueule&quot;","img":{"alt_text":"","src":"https:\/\/i0.wp.com\/consumerinsight.eu\/marketingisdead\/wp-content\/uploads\/sites\/2\/2023\/11\/airplane-715146_1280.jpg?fit=1200%2C900&resize=350%2C200","width":350,"height":200},"classes":[]},{"id":25284,"url":"http:\/\/consumerinsight.eu\/marketingisdead\/uberisation-meilleur-pire\/","url_meta":{"origin":24809,"position":5},"title":"Ub\u00e9risation\u00a0: pour le meilleur et pour le pire","date":"15 d\u00e9cembre 2016","format":"gallery","excerpt":"Vous l\u2019ignoriez sans soute, mais il existe un Observatoire de l'Ub\u00e9risation, qui vient notamment de publier cette belle infographie destin\u00e9e \u00e0 \u00ab\u00a0d\u00e9montrer l'\u00e9tendue du ph\u00e9nom\u00e8ne de l'\u00e9conomie collaborative (aussi appel\u00e9e plateformisation)\u00a0\u00bb \u2013 voir ici l\u2019interview de son pr\u00e9sident. On ne peut que constater que tous les secteurs sont touch\u00e9s\u00a0: en\u2026","rel":"","context":"Dans &quot;Soci\u00e9t\u00e9&quot;","img":{"alt_text":"","src":"https:\/\/i0.wp.com\/consumerinsight.eu\/marketingisdead\/wp-content\/uploads\/sites\/2\/2016\/12\/01-Calcutta-55.jpg?fit=448%2C298&resize=350%2C200","width":350,"height":200},"classes":[]}],"_links":{"self":[{"href":"http:\/\/consumerinsight.eu\/marketingisdead\/wp-json\/wp\/v2\/posts\/24809"}],"collection":[{"href":"http:\/\/consumerinsight.eu\/marketingisdead\/wp-json\/wp\/v2\/posts"}],"about":[{"href":"http:\/\/consumerinsight.eu\/marketingisdead\/wp-json\/wp\/v2\/types\/post"}],"author":[{"embeddable":true,"href":"http:\/\/consumerinsight.eu\/marketingisdead\/wp-json\/wp\/v2\/users\/1"}],"replies":[{"embeddable":true,"href":"http:\/\/consumerinsight.eu\/marketingisdead\/wp-json\/wp\/v2\/comments?post=24809"}],"version-history":[{"count":0,"href":"http:\/\/consumerinsight.eu\/marketingisdead\/wp-json\/wp\/v2\/posts\/24809\/revisions"}],"wp:attachment":[{"href":"http:\/\/consumerinsight.eu\/marketingisdead\/wp-json\/wp\/v2\/media?parent=24809"}],"wp:term":[{"taxonomy":"category","embeddable":true,"href":"http:\/\/consumerinsight.eu\/marketingisdead\/wp-json\/wp\/v2\/categories?post=24809"},{"taxonomy":"post_tag","embeddable":true,"href":"http:\/\/consumerinsight.eu\/marketingisdead\/wp-json\/wp\/v2\/tags?post=24809"}],"curies":[{"name":"wp","href":"https:\/\/api.w.org\/{rel}","templated":true}]}}