{"id":24734,"date":"2011-09-01T06:05:00","date_gmt":"2011-09-01T06:05:00","guid":{"rendered":"http:\/\/marketingisdead.blogspirit.com\/archive\/2011\/08\/26\/c-est-la-rentree.html"},"modified":"2011-09-01T06:05:00","modified_gmt":"2011-09-01T06:05:00","slug":"avant-la-rentree","status":"publish","type":"post","link":"http:\/\/consumerinsight.eu\/marketingisdead\/avant-la-rentree\/","title":{"rendered":"Avant la rentr\u00e9e &#8230;"},"content":{"rendered":"<p><span style=\"font-size: small;\"><strong>Santorin<\/strong> constitue la caricature du tourisme en Gr\u00e8ce \u2026<\/span><\/p>\n<p><span style=\"font-size: small;\">Un lieu magique, avec ses maisons suspendues \u00e0 la falaise et ses ruelles blanches.&nbsp; Et surtout ses couchers de soleil, notamment \u00e0 <em>Oia<\/em> et <em>Firostefani<\/em> \u2013 beaucoup plus tranquille \u00e0 <em>Firostefani&nbsp;<\/em>!<\/span><\/p>\n<p><span style=\"font-size: small;\">Le touriste un peu moins orient\u00e9 farniente, visitera \u00e9galement les sites arch\u00e9ologiques au Sud de l\u2019\u00eele, notamment l\u2019ancienne colonie dorienne de Th\u00e9ra.<\/span><\/p>\n<p><span style=\"font-size: small;\">Et une machine \u00e0 vendre du tourisme \u00e0 la cha\u00eene \u2026 sans trop se soucier de ce que pense le malheureux consommateur&nbsp;: de toutes fa\u00e7ons, le produit est magnifique, sur-vendeur et on ne cherche pas vraiment \u00e0 fid\u00e9liser&nbsp;: le client vient rarement deux ans de suite&nbsp;!<\/span><\/p>\n<p><span style=\"font-size: small;\">Mais bon, quand on y va au mois de Juillet, on sait d\u2019avance \u00e0 quoi s\u2019attendre \u2026 m\u00eame s\u2019il y a des trucs un peu glauques, comme ces malheureux \u00e2nes que l\u2019on fait galoper de la ville de <em>Fira<\/em> au vieux port et retour, pour \u00e9pargner au touriste un peu fain\u00e9ant 20 minutes d\u2019escalade le long de la falaise.<\/span><\/p>\n<p><span style=\"font-size: small;\">C\u2019est \u00ab&nbsp;pas tr\u00e8s cher&nbsp;\u00bb (8 euros), \u00e7a fait \u00ab&nbsp;local&nbsp;\u00bb, mais voir les pauvres b\u00eates d\u00e9valer le chemin en lacets, le poil tremp\u00e9 de sueur, je trouve \u00e7a r\u00e9pugnant&nbsp;; et comme le t\u00e9l\u00e9ph\u00e9rique semble r\u00e9gl\u00e9 pour obliger le visiteur \u00e0 attendre une heure dans une queue en plein soleil (quand on compare avec ce que \u00ab&nbsp;d\u00e9bitent&nbsp;\u00bb les stations de ski des Alpes, on ne peut que s\u2019\u00e9tonner), reste la ballade \u00e0 pieds \u2026 et l\u00e0, mieux vaut se garer, car les \u00e2niers sont sans piti\u00e9 pour les touristes r\u00e9fractaires et p\u00e9destres&nbsp;!<\/span><\/p>\n<p><span style=\"font-size: small;\">Sinon, si vous souhaitez trouver des h\u00f4tels tranquilles et sympas l\u00e0 o\u00f9 les maisons blanches d\u2019agrippent au rocher \u2013 l\u00e0 o\u00f9 il faut \u00eatre, visez plut\u00f4t <em>Firostefani<\/em>, bien plus tranquille que <em>Fira<\/em> ou<em> Oia<\/em> (tr\u00e8s surfait).<\/span><\/p>\n<p><span><a href=\"https:\/\/i0.wp.com\/marketingisdead.blogspirit.com\/media\/02\/02\/1314516591.JPG\" target=\"_blank\"><img id=\"media-608846\" style=\"margin: 0.7em auto; display: block;\" title=\"\" src=\"https:\/\/i0.wp.com\/marketingisdead.blogspirit.com\/media\/02\/02\/3133148060.JPG?w=1060\" alt=\"01 Santorin 03 Firostefani 02 Sunset depuis Firostefani (5).JPG\" data-recalc-dims=\"1\" \/><\/a><\/span><\/p>\n<p style=\"text-align: center;\"><span style=\"font-size: small;\"><em>Santorin<\/em>&nbsp;: coucher de soleil \u00e0 <em>Firostefani<\/em><\/span><\/p>\n<p style=\"text-align: center;\"><span style=\"font-size: small;\"><a href=\"https:\/\/i0.wp.com\/marketingisdead.blogspirit.com\/media\/01\/01\/2121304901.JPG\" target=\"_blank\"><img id=\"media-608845\" style=\"margin: 0.7em 0pt;\" title=\"\" src=\"https:\/\/i0.wp.com\/marketingisdead.blogspirit.com\/media\/01\/01\/3109994500.JPG?w=1060\" alt=\"01 Santorin 01 Fira 01 Rues (4).JPG\" data-recalc-dims=\"1\" \/><\/a><\/span><\/p>\n<p style=\"text-align: center;\"><span style=\"font-size: small;\"><em>Santorin<\/em>&nbsp;: dans les ruelles de <em>Fira<\/em><\/span><\/p>\n<p style=\"text-align: left;\">&nbsp;<span style=\"font-size: small;\"><strong>Rhodes<\/strong> se r\u00e9v\u00e8le nettement plus calme, malgr\u00e9 la presse dans les rues de la vieille ville&nbsp;: il suffit de sortir un peu des sentiers battus pour d\u00e9couvrir des bistrots sympas o\u00f9 vous pouvez encore boire l\u2019ouzo avec quelques locaux aimables&nbsp;; et au Sud, d\u00e9passez Lindos (superbe \u00e9galement) et c\u2019est le d\u00e9sert&nbsp;! Mais avec des paysages superbes et des villages bien accueillants.<\/span><\/p>\n<p style=\"text-align: center;\"><span style=\"font-size: small;\"><a href=\"https:\/\/i0.wp.com\/marketingisdead.blogspirit.com\/media\/02\/02\/2527081033.JPG\" target=\"_blank\"><img id=\"media-608847\" style=\"margin: 0.7em 0pt;\" title=\"\" src=\"https:\/\/i0.wp.com\/marketingisdead.blogspirit.com\/media\/02\/02\/679100316.JPG?w=1060\" alt=\"02 Rhodes 01 Rhodes 01 Rues (24).JPG\" data-recalc-dims=\"1\" \/><\/a><\/span><\/p>\n<p style=\"text-align: center;\"><span style=\"font-size: small;\"><em>Rhodes<\/em>&nbsp;: dans les ruelles de <em>Rhodes<\/em><\/span><\/p>\n<p style=\"text-align: center;\"><span style=\"font-size: small;\"><a href=\"https:\/\/i0.wp.com\/marketingisdead.blogspirit.com\/media\/00\/00\/3817982084.JPG\" target=\"_blank\"><img id=\"media-608848\" style=\"margin: 0.7em 0pt;\" title=\"\" src=\"https:\/\/i0.wp.com\/marketingisdead.blogspirit.com\/media\/00\/00\/2024170940.JPG?w=1060\" alt=\"02 Rhodes 06 Lindos 02 Monuments (2).JPG\" data-recalc-dims=\"1\" \/><\/a><\/span><\/p>\n<p style=\"text-align: center;\"><span style=\"font-size: small;\"><em>Rhodes<\/em>&nbsp;: l\u2019\u00e9glise de <em>Lindos<\/em><\/span><\/p>\n<p style=\"text-align: center;\"><span style=\"font-size: small;\"><a href=\"https:\/\/i0.wp.com\/marketingisdead.blogspirit.com\/media\/00\/02\/3114933784.JPG\" target=\"_blank\"><img id=\"media-608849\" style=\"margin: 0.7em 0pt;\" title=\"\" src=\"https:\/\/i0.wp.com\/marketingisdead.blogspirit.com\/media\/00\/02\/3867410730.JPG?w=1060\" alt=\"02 Rhodes 06 Lindos 04 Port (4).JPG\" data-recalc-dims=\"1\" \/><\/a><\/span><\/p>\n<p style=\"text-align: center;\"><span style=\"font-size: small;\"><em>Rhodes<\/em>&nbsp;: le vieux port de <em>Lindos<\/em><\/span><\/p>\n<p><span style=\"font-size: small;\">Et la <strong>Cr\u00e8te<\/strong>&nbsp;?<\/span><\/p>\n<p><span style=\"font-size: small;\">Il faut avoir le courage de descendre (\u00e0 pieds, \u00e9videmment) les gorges de <em>Samaria<\/em>, dans les Montagnes Blanches \u2013 16 kilom\u00e8tres quand m\u00eame \u2013 et d\u00e9couvrir les <em>Portes de Fer<\/em>&nbsp;: un \u00e9troit passage de 2,5 m\u00e8tres et haut de 300 m\u00e8tres, aucune photo ne rendra jamais ce paysage \u2026 donc je n\u2019en mets pas&nbsp;!<\/span><\/p>\n<p><span style=\"font-size: small;\">Il faut pousser jusqu\u2019\u00e0 <em>Phalassarna<\/em> \u00e0 l\u2019Ouest et surtout <em>Kato Zakros<\/em> \u00e0 l\u2019Est, pour visiter son palais minoen, et ne pas se contenter d\u2019<em>Hania<\/em> et de son <em>Port V\u00e9nitien<\/em> ou de <em>Knossos<\/em> \u2013 incontournable <em>Knossos<\/em>, seul site minoen r\u00e9ellement (un peu) reconstitu\u00e9.<\/span><\/p>\n<p><span style=\"font-size: small;\">Et l\u2019h\u00f4tellerie, en Cr\u00e8te&nbsp;?<\/span><\/p>\n<p><span style=\"font-size: small;\">Comme toujours, beaucoup de maisons honn\u00eates, de bon rapport <em>qualit\u00e9<\/em>-prix, mais sans plus&nbsp;; quelques coups de c\u0153ur et h\u00e9las, aussi quelques escrocs.<\/span><\/p>\n<p><span style=\"font-size: small;\">Alors, pour terminer, <em>mon<\/em> coup de c\u0153ur se situe \u00e0 <em>Rethimnon<\/em>&nbsp;: la <a href=\"http:\/\/www.casamaistra.com\/index\/Bienvenue.html\" target=\"_blank\">Casa Maistra Residence<\/a>, tenue par Karen, une allemande qui a eu le coup de foudre pour la ville (et un grec sympa, aussi)&nbsp;: une superbe suite, immense, avec cuisine, mezzanine, terrasse \u2026 pour un prix plus qu\u2019abordable.<\/span><\/p>\n<p><span style=\"font-size: small;\">En tous les cas, moins cher que l\u2019<em><a href=\"http:\/\/www.ifigeniastudios.gr\/\" target=\"_blank\">Ifigenia Rooms &amp; Studios<\/a><\/em> d\u2019<em>Hania<\/em>, \u00e0 EVITER \u2013 sauf si vous avez un comportement suicidaire en fin de vacances&nbsp;! Les chambres, telles qu\u2019elles apparaissent sur le site, sont magnifiques (c\u2019est vrai aussi qu\u2019un grand angle peut arranger bien des choses)&nbsp;; mais celles avec vue sur la mer sont situ\u00e9es \u2026 au premier \u00e9tage d\u2019un caf\u00e9 discoth\u00e8que&nbsp;: on a l\u2019impression d\u2019\u00eatre au beau milieu de la piste de danse jusqu\u2019\u00e0 tr\u00e8s tr\u00e8s tard dans la nuit&nbsp;!<\/span><\/p>\n<p><span style=\"font-size: small;\">Et malheur \u00e0 vous si vous vous plaignez au patron qui saura se r\u00e9v\u00e9ler d\u2019une rare grossiert\u00e9.<\/span><\/p>\n<p style=\"text-align: center;\"><span style=\"font-size: small;\"><a href=\"https:\/\/i0.wp.com\/marketingisdead.blogspirit.com\/media\/02\/01\/2861546638.JPG\" target=\"_blank\"><img id=\"media-608850\" style=\"margin: 0.7em 0pt;\" title=\"\" src=\"https:\/\/i0.wp.com\/marketingisdead.blogspirit.com\/media\/02\/01\/3926611192.JPG?w=1060\" alt=\"03 Crete 01 Hania 03 Port V\u00e9nicien (1).JPG\" data-recalc-dims=\"1\" \/><\/a><\/span><\/p>\n<p style=\"text-align: center;\"><span style=\"font-size: small;\"><em>Cr\u00e8te<\/em>&nbsp;: le <em>Port V\u00e9nitien<\/em> d\u2019<em>Hania<\/em><\/span><\/p>\n<p style=\"text-align: center;\"><span style=\"font-size: small;\"><a href=\"https:\/\/i0.wp.com\/marketingisdead.blogspirit.com\/media\/00\/00\/2923556904.JPG\" target=\"_blank\"><img id=\"media-608851\" style=\"margin: 0.7em 0pt;\" title=\"\" src=\"https:\/\/i0.wp.com\/marketingisdead.blogspirit.com\/media\/00\/00\/2284581979.JPG?w=1060\" alt=\"03 Crete 08 Heraklion 09 Knossos (12).JPG\" data-recalc-dims=\"1\" \/><\/a><\/span><\/p>\n<p style=\"text-align: center;\">&nbsp;<span style=\"font-size: small;\"><em>Cr\u00e8te<\/em>&nbsp;: le palais minoen de <em>Knossos<\/em><\/span><\/p>\n<p><span style=\"font-size: small;\">Enfin, pour vous donner un peu de courage pour la rentr\u00e9e, un disque&nbsp;: <strong>Rome<\/strong> de <em>Danger Mouse et Daniele Luppi<\/em>, en \u00e9coute int\u00e9grale sur <a href=\"http:\/\/www.lesinrocks.com\/musique\/musique-article\/t\/64762\/date\/2011-05-12\/article\/avant-premiere-rome-de-dangermouse-et-daniele-luppi-en-ecoute-integrale\/\" target=\"_blank\">lesinrocks<\/a>&nbsp;; et dont <a href=\"http:\/\/www.lepost.fr\/article\/2011\/05\/16\/2496275_critique-de-rome-de-danger-mouse-daniele-luppi.html\">lepost<\/a> nous dit&nbsp;:<\/span><\/p>\n<p><span style=\"font-size: small;\"><em>\u00ab&nbsp;Partageant une passion commune pour le cin\u00e9ma italien, ils se sont rendus aux mythiques Forum Studios \u00e0 Rome pour y enregistrer cet album avec la volont\u00e9 de s&rsquo;inspirer des bande-originales des westerns-spaghetti compos\u00e9es par il maestro Ennio Morricone&nbsp;\u00bb.<\/em><\/span><\/p>\n<p style=\"text-align: left;\"><span style=\"font-size: small;\">Et si j\u2019ajoute que nos comp\u00e8res se sont adjoints les voix de <em>Jack White<\/em> et <em>Norah Jones<\/em>, vous h\u00e9sitez encore&nbsp;?<\/span><\/p>\n","protected":false},"excerpt":{"rendered":"<p>Santorin constitue la caricature du tourisme en Gr\u00e8ce \u2026 Un lieu magique, avec ses maisons suspendues \u00e0 la falaise et ses ruelles blanches.&nbsp; Et surtout ses couchers de soleil, notamment \u00e0 Oia et Firostefani \u2013 beaucoup plus tranquille \u00e0 Firostefani&nbsp;! Le touriste un peu moins&#8230;<\/p>\n","protected":false},"author":1,"featured_media":0,"comment_status":"open","ping_status":"open","sticky":false,"template":"","format":"standard","meta":{"spay_email":"","jetpack_publicize_message":"","jetpack_is_tweetstorm":false,"jetpack_publicize_feature_enabled":true},"categories":[144],"tags":[],"yoast_head":"<!-- This site is optimized with the Yoast SEO plugin v18.3 - https:\/\/yoast.com\/wordpress\/plugins\/seo\/ -->\n<title>Avant la rentr\u00e9e ... - Marketing is Dead<\/title>\n<meta name=\"robots\" content=\"index, follow, max-snippet:-1, max-image-preview:large, max-video-preview:-1\" \/>\n<link rel=\"canonical\" href=\"http:\/\/consumerinsight.eu\/marketingisdead\/avant-la-rentree\/\" \/>\n<meta property=\"og:locale\" content=\"fr_FR\" \/>\n<meta property=\"og:type\" content=\"article\" \/>\n<meta property=\"og:title\" content=\"Avant la rentr\u00e9e ... - Marketing is Dead\" \/>\n<meta property=\"og:description\" content=\"Santorin constitue la caricature du tourisme en Gr\u00e8ce \u2026 Un lieu magique, avec ses maisons suspendues \u00e0 la falaise et ses ruelles blanches.&nbsp; Et surtout ses couchers de soleil, notamment \u00e0 Oia et Firostefani \u2013 beaucoup plus tranquille \u00e0 Firostefani&nbsp;! Le touriste un peu moins...\" \/>\n<meta property=\"og:url\" content=\"http:\/\/consumerinsight.eu\/marketingisdead\/avant-la-rentree\/\" \/>\n<meta property=\"og:site_name\" content=\"Marketing is Dead\" \/>\n<meta property=\"article:published_time\" content=\"2011-09-01T06:05:00+00:00\" \/>\n<meta property=\"og:image\" content=\"http:\/\/marketingisdead.blogspirit.com\/media\/02\/02\/3133148060.JPG\" \/>\n<meta name=\"twitter:card\" content=\"summary\" \/>\n<meta name=\"twitter:label1\" content=\"\u00c9crit par\" \/>\n\t<meta name=\"twitter:data1\" content=\"Marketing is Dead\" \/>\n\t<meta name=\"twitter:label2\" content=\"Dur\u00e9e de lecture estim\u00e9e\" \/>\n\t<meta name=\"twitter:data2\" content=\"4 minutes\" \/>\n<script type=\"application\/ld+json\" class=\"yoast-schema-graph\">{\"@context\":\"https:\/\/schema.org\",\"@graph\":[{\"@type\":\"WebSite\",\"@id\":\"http:\/\/consumerinsight.eu\/marketingisdead\/#website\",\"url\":\"http:\/\/consumerinsight.eu\/marketingisdead\/\",\"name\":\"Marketing is Dead\",\"description\":\"Le marketing est mort, vive le marketing\",\"potentialAction\":[{\"@type\":\"SearchAction\",\"target\":{\"@type\":\"EntryPoint\",\"urlTemplate\":\"http:\/\/consumerinsight.eu\/marketingisdead\/?s={search_term_string}\"},\"query-input\":\"required name=search_term_string\"}],\"inLanguage\":\"fr-FR\"},{\"@type\":\"ImageObject\",\"@id\":\"http:\/\/consumerinsight.eu\/marketingisdead\/avant-la-rentree\/#primaryimage\",\"inLanguage\":\"fr-FR\",\"url\":\"http:\/\/marketingisdead.blogspirit.com\/media\/02\/02\/3133148060.JPG\",\"contentUrl\":\"http:\/\/marketingisdead.blogspirit.com\/media\/02\/02\/3133148060.JPG\"},{\"@type\":\"WebPage\",\"@id\":\"http:\/\/consumerinsight.eu\/marketingisdead\/avant-la-rentree\/#webpage\",\"url\":\"http:\/\/consumerinsight.eu\/marketingisdead\/avant-la-rentree\/\",\"name\":\"Avant la rentr\u00e9e ... - Marketing is Dead\",\"isPartOf\":{\"@id\":\"http:\/\/consumerinsight.eu\/marketingisdead\/#website\"},\"primaryImageOfPage\":{\"@id\":\"http:\/\/consumerinsight.eu\/marketingisdead\/avant-la-rentree\/#primaryimage\"},\"datePublished\":\"2011-09-01T06:05:00+00:00\",\"dateModified\":\"2011-09-01T06:05:00+00:00\",\"author\":{\"@id\":\"http:\/\/consumerinsight.eu\/marketingisdead\/#\/schema\/person\/4b45a7cf63a0e61687a577f5bed48d86\"},\"breadcrumb\":{\"@id\":\"http:\/\/consumerinsight.eu\/marketingisdead\/avant-la-rentree\/#breadcrumb\"},\"inLanguage\":\"fr-FR\",\"potentialAction\":[{\"@type\":\"ReadAction\",\"target\":[\"http:\/\/consumerinsight.eu\/marketingisdead\/avant-la-rentree\/\"]}]},{\"@type\":\"BreadcrumbList\",\"@id\":\"http:\/\/consumerinsight.eu\/marketingisdead\/avant-la-rentree\/#breadcrumb\",\"itemListElement\":[{\"@type\":\"ListItem\",\"position\":1,\"name\":\"Accueil\",\"item\":\"http:\/\/consumerinsight.eu\/marketingisdead\/\"},{\"@type\":\"ListItem\",\"position\":2,\"name\":\"Avant la rentr\u00e9e &#8230;\"}]},{\"@type\":\"Person\",\"@id\":\"http:\/\/consumerinsight.eu\/marketingisdead\/#\/schema\/person\/4b45a7cf63a0e61687a577f5bed48d86\",\"name\":\"Marketing is Dead\",\"image\":{\"@type\":\"ImageObject\",\"@id\":\"http:\/\/consumerinsight.eu\/marketingisdead\/#personlogo\",\"inLanguage\":\"fr-FR\",\"url\":\"http:\/\/0.gravatar.com\/avatar\/fc33689a54cb0b0978c5d72999ffbbda?s=96&d=mm&r=g\",\"contentUrl\":\"http:\/\/0.gravatar.com\/avatar\/fc33689a54cb0b0978c5d72999ffbbda?s=96&d=mm&r=g\",\"caption\":\"Marketing is Dead\"},\"url\":\"http:\/\/consumerinsight.eu\/marketingisdead\/administrateur\/marketing-is-dead\/\"}]}<\/script>\n<!-- \/ Yoast SEO plugin. -->","yoast_head_json":{"title":"Avant la rentr\u00e9e ... - Marketing is Dead","robots":{"index":"index","follow":"follow","max-snippet":"max-snippet:-1","max-image-preview":"max-image-preview:large","max-video-preview":"max-video-preview:-1"},"canonical":"http:\/\/consumerinsight.eu\/marketingisdead\/avant-la-rentree\/","og_locale":"fr_FR","og_type":"article","og_title":"Avant la rentr\u00e9e ... - Marketing is Dead","og_description":"Santorin constitue la caricature du tourisme en Gr\u00e8ce \u2026 Un lieu magique, avec ses maisons suspendues \u00e0 la falaise et ses ruelles blanches.&nbsp; Et surtout ses couchers de soleil, notamment \u00e0 Oia et Firostefani \u2013 beaucoup plus tranquille \u00e0 Firostefani&nbsp;! Le touriste un peu moins...","og_url":"http:\/\/consumerinsight.eu\/marketingisdead\/avant-la-rentree\/","og_site_name":"Marketing is Dead","article_published_time":"2011-09-01T06:05:00+00:00","og_image":[{"url":"http:\/\/marketingisdead.blogspirit.com\/media\/02\/02\/3133148060.JPG"}],"twitter_card":"summary","twitter_misc":{"\u00c9crit par":"Marketing is Dead","Dur\u00e9e de lecture estim\u00e9e":"4 minutes"},"schema":{"@context":"https:\/\/schema.org","@graph":[{"@type":"WebSite","@id":"http:\/\/consumerinsight.eu\/marketingisdead\/#website","url":"http:\/\/consumerinsight.eu\/marketingisdead\/","name":"Marketing is Dead","description":"Le marketing est mort, vive le marketing","potentialAction":[{"@type":"SearchAction","target":{"@type":"EntryPoint","urlTemplate":"http:\/\/consumerinsight.eu\/marketingisdead\/?s={search_term_string}"},"query-input":"required name=search_term_string"}],"inLanguage":"fr-FR"},{"@type":"ImageObject","@id":"http:\/\/consumerinsight.eu\/marketingisdead\/avant-la-rentree\/#primaryimage","inLanguage":"fr-FR","url":"http:\/\/marketingisdead.blogspirit.com\/media\/02\/02\/3133148060.JPG","contentUrl":"http:\/\/marketingisdead.blogspirit.com\/media\/02\/02\/3133148060.JPG"},{"@type":"WebPage","@id":"http:\/\/consumerinsight.eu\/marketingisdead\/avant-la-rentree\/#webpage","url":"http:\/\/consumerinsight.eu\/marketingisdead\/avant-la-rentree\/","name":"Avant la rentr\u00e9e ... - Marketing is Dead","isPartOf":{"@id":"http:\/\/consumerinsight.eu\/marketingisdead\/#website"},"primaryImageOfPage":{"@id":"http:\/\/consumerinsight.eu\/marketingisdead\/avant-la-rentree\/#primaryimage"},"datePublished":"2011-09-01T06:05:00+00:00","dateModified":"2011-09-01T06:05:00+00:00","author":{"@id":"http:\/\/consumerinsight.eu\/marketingisdead\/#\/schema\/person\/4b45a7cf63a0e61687a577f5bed48d86"},"breadcrumb":{"@id":"http:\/\/consumerinsight.eu\/marketingisdead\/avant-la-rentree\/#breadcrumb"},"inLanguage":"fr-FR","potentialAction":[{"@type":"ReadAction","target":["http:\/\/consumerinsight.eu\/marketingisdead\/avant-la-rentree\/"]}]},{"@type":"BreadcrumbList","@id":"http:\/\/consumerinsight.eu\/marketingisdead\/avant-la-rentree\/#breadcrumb","itemListElement":[{"@type":"ListItem","position":1,"name":"Accueil","item":"http:\/\/consumerinsight.eu\/marketingisdead\/"},{"@type":"ListItem","position":2,"name":"Avant la rentr\u00e9e &#8230;"}]},{"@type":"Person","@id":"http:\/\/consumerinsight.eu\/marketingisdead\/#\/schema\/person\/4b45a7cf63a0e61687a577f5bed48d86","name":"Marketing is Dead","image":{"@type":"ImageObject","@id":"http:\/\/consumerinsight.eu\/marketingisdead\/#personlogo","inLanguage":"fr-FR","url":"http:\/\/0.gravatar.com\/avatar\/fc33689a54cb0b0978c5d72999ffbbda?s=96&d=mm&r=g","contentUrl":"http:\/\/0.gravatar.com\/avatar\/fc33689a54cb0b0978c5d72999ffbbda?s=96&d=mm&r=g","caption":"Marketing is Dead"},"url":"http:\/\/consumerinsight.eu\/marketingisdead\/administrateur\/marketing-is-dead\/"}]}},"jetpack_featured_media_url":"","jetpack_publicize_connections":[],"jetpack_sharing_enabled":true,"jetpack_shortlink":"https:\/\/wp.me\/p7oQEP-6qW","jetpack-related-posts":[{"id":24742,"url":"http:\/\/consumerinsight.eu\/marketingisdead\/economie-solidaire\/","url_meta":{"origin":24734,"position":0},"title":"Economie solidaire","date":"22 octobre 2013","format":false,"excerpt":"On parle beaucoup aujourd\u2019hui de consommation collaborative et de le (re)prise en main de leur destin par les consommateurs \u2026 fran\u00e7ais et\/ou occidentaux.On parle presque autant de la fracture social qui s\u2019aggrave, tant dans les pays d\u00e9velopp\u00e9s comme la France, o\u00f9 les pauvres sont de plus en plus pauvres et\u2026","rel":"","context":"Dans &quot;Non class\u00e9&quot;","img":{"alt_text":"","src":"","width":0,"height":0},"classes":[]},{"id":24786,"url":"http:\/\/consumerinsight.eu\/marketingisdead\/tourisme-et-medias-sociaux\/","url_meta":{"origin":24734,"position":1},"title":"Tourisme et m\u00e9dias sociaux","date":"2 f\u00e9vrier 2014","format":false,"excerpt":"Les touristes voyagent d\u00e9sormais sur les m\u00e9dias sociaux avant d\u2019arpenter le monde dans la vraie vie\u00a0: fier de ce constat, la ville de M\u00e9rignac a lanc\u00e9 un \u00ab\u00a0office de tourisme num\u00e9rique\u00a0\u00bb. Rencontre avec Marie R\u00e9calde, d\u00e9put\u00e9e de la Gironde et adjointe au Maire de M\u00e9rignac.MarketingIsDead : M\u00e9rignac, pour un parisien\u2026","rel":"","context":"Dans &quot;Interviews 2.0&quot;","img":{"alt_text":"","src":"","width":0,"height":0},"classes":[]},{"id":24780,"url":"http:\/\/consumerinsight.eu\/marketingisdead\/la-pensee-magique-du-net-2\/","url_meta":{"origin":24734,"position":2},"title":"La Pens\u00e9e Magique Du Net","date":"10 d\u00e9cembre 2014","format":false,"excerpt":"Herv\u00e9 Fischer vient de publier\u00a0: La Pens\u00e9e Magique Du Net\u00a0; rencontre avec un auteur fran\u00e7ais exil\u00e9 au Canada, fondateur en 2014 \u00e0 Montr\u00e9al de la Soci\u00e9t\u00e9 internationale de mythanalyse, \u00e0 la biographie particuli\u00e8rement riche, et trop m\u00e9connu en France.MarketingIsDead :Tu d\u00e9clares \u00e9prouver une \u00ab\u00a0fascination critique face au num\u00e9rique\u00a0\u00bb\u00a0: peux-tu pr\u00e9ciser\u2026","rel":"","context":"Dans &quot;Interviews 2.0&quot;","img":{"alt_text":"","src":"","width":0,"height":0},"classes":[]},{"id":24771,"url":"http:\/\/consumerinsight.eu\/marketingisdead\/les-incontournables-du-commerce-de-demain\/","url_meta":{"origin":24734,"position":3},"title":"Les Incontournables du Commerce de demain","date":"1 juillet 2015","format":false,"excerpt":"Frank Rosenthal vient de publier avec Olivier Dauvers\u00a0: Les Incontournables du Commerce de demain\u00a0; rencontre avec le coauteur, \u00e9galement copr\u00e9sident du Club Distribution de l\u2019Adetem.MarketingIsDead\u00a0: L\u2019exp\u00e9rience client s\u2019inscrit aujourd\u2019hui au c\u0153ur de la d\u00e9marche marketing\u00a0: comment s\u2019inscrit-elle dans la strat\u00e9gie des distributeurs\u00a0?Frank Rosenthal\u00a0: Comment d\u00e9finir l\u2019exp\u00e9rience client pour un distributeur\u00a0?\u2026","rel":"","context":"Dans &quot;Interviews&quot;","img":{"alt_text":"","src":"","width":0,"height":0},"classes":[]},{"id":24729,"url":"http:\/\/consumerinsight.eu\/marketingisdead\/la-communication-en-synapse-vers-un-citoyen-ni-global-ni-local\/","url_meta":{"origin":24734,"position":4},"title":"La communication en synapse : vers un citoyen ni global, ni local.","date":"5 mai 2006","format":false,"excerpt":"La globalisation du consommateur peut s\u2019envisager d\u2019un point de vue purement m\u00e9canique : pour des \u00e9conomies d\u2019\u00e9chelle \u00e9videntes, les produits deviennent mondiaux, et par voie de fait les citoyens ach\u00e8tent les m\u00eames \u00e9crans LCD au Japon, en France ou au Mexique, mangent les m\u00eames hamburgers \u00e0 Paris, S\u00e9oul ou New-York\u2026","rel":"","context":"Dans &quot;Consumer Insight&quot;","img":{"alt_text":"","src":"","width":0,"height":0},"classes":[]},{"id":24796,"url":"http:\/\/consumerinsight.eu\/marketingisdead\/2-e-reputations-mais-un-seul-personal-branding-2\/","url_meta":{"origin":24734,"position":5},"title":"2 e.r\u00e9putations, mais un seul personal branding #2","date":"18 octobre 2013","format":false,"excerpt":"Suite de la note parue le 16 octobre.Un petit d\u00e9tour par Palo AltoBien s\u00fbr, d\u00e8s que l\u2019on \u00e9voque Palo Alto, tout le monde pense aussit\u00f4t Silicon Valley, Hewlett Packard et son garage, et sans aller trop loin, Apple, Sun Microsystems, etc.\u00a0: pourtant, je souhaiterais remonter un tout petit plus loin\u2026","rel":"","context":"Dans &quot;Livres&quot;","img":{"alt_text":"","src":"","width":0,"height":0},"classes":[]}],"_links":{"self":[{"href":"http:\/\/consumerinsight.eu\/marketingisdead\/wp-json\/wp\/v2\/posts\/24734"}],"collection":[{"href":"http:\/\/consumerinsight.eu\/marketingisdead\/wp-json\/wp\/v2\/posts"}],"about":[{"href":"http:\/\/consumerinsight.eu\/marketingisdead\/wp-json\/wp\/v2\/types\/post"}],"author":[{"embeddable":true,"href":"http:\/\/consumerinsight.eu\/marketingisdead\/wp-json\/wp\/v2\/users\/1"}],"replies":[{"embeddable":true,"href":"http:\/\/consumerinsight.eu\/marketingisdead\/wp-json\/wp\/v2\/comments?post=24734"}],"version-history":[{"count":0,"href":"http:\/\/consumerinsight.eu\/marketingisdead\/wp-json\/wp\/v2\/posts\/24734\/revisions"}],"wp:attachment":[{"href":"http:\/\/consumerinsight.eu\/marketingisdead\/wp-json\/wp\/v2\/media?parent=24734"}],"wp:term":[{"taxonomy":"category","embeddable":true,"href":"http:\/\/consumerinsight.eu\/marketingisdead\/wp-json\/wp\/v2\/categories?post=24734"},{"taxonomy":"post_tag","embeddable":true,"href":"http:\/\/consumerinsight.eu\/marketingisdead\/wp-json\/wp\/v2\/tags?post=24734"}],"curies":[{"name":"wp","href":"https:\/\/api.w.org\/{rel}","templated":true}]}}