{"id":24700,"date":"2015-07-02T08:08:25","date_gmt":"2015-07-02T08:08:25","guid":{"rendered":"http:\/\/marketingisdead.blogspirit.com\/archive\/2015\/07\/02\/soyez-creatif-3051094.html"},"modified":"2015-07-02T08:08:25","modified_gmt":"2015-07-02T08:08:25","slug":"soyez-creatif","status":"publish","type":"post","link":"http:\/\/consumerinsight.eu\/marketingisdead\/soyez-creatif\/","title":{"rendered":"Soyez cr\u00e9atif !"},"content":{"rendered":"<p><span style=\"font-family: verdana,geneva; font-size: small;\"><img id=\"media-873670\" style=\"float: left; margin: 0.2em 1.4em 0.7em 0;\" title=\"\" src=\"https:\/\/i0.wp.com\/marketingisdead.blogspirit.com\/media\/02\/00\/4164315890.jpg?w=1060\" alt=\"Cr\u00e9ativit\u00e9.jpg\" data-recalc-dims=\"1\" \/>Quel est le point commun entre&nbsp;<em>Moby<\/em>, <em>Sylvie Hoarau<\/em>, duettiste du groupe Brigitte, <em>Scott Belski<\/em>, fondateur de behance.net, <em>Bruno Aveillan<\/em>, r\u00e9alisateur, photographe et artiste multim\u00e9dia, <em>Harlan Coben<\/em>, &nbsp;<em>Hubert Ripoll<\/em>, psychologue et professeur \u00e0 Aix-Marseille, <em>Karol Beffa<\/em>, acteur, pianiste et compositeur, etc.&nbsp;?<\/span><\/p>\n<p><span style=\"font-family: verdana,geneva; font-size: small;\">Leur cr\u00e9ativit\u00e9&nbsp;: bien s\u00fbr&nbsp;!<\/span><\/p>\n<p><span style=\"font-family: verdana,geneva; font-size: small;\">Mais en plus, ils sont tous dans le <a href=\"http:\/\/www.influencia.net\/fr\/revue.html\">dernier num\u00e9ro<\/a> de la <strong>Revue INfluencia<\/strong> justement consacr\u00e9 \u00e0 la \u2026 cr\u00e9ativit\u00e9.<\/span><\/p>\n<p><span style=\"font-family: verdana,geneva; font-size: small;\">@ lire pendant les vacances, pour bronzer intelligent&nbsp;!<\/span><\/p>\n","protected":false},"excerpt":{"rendered":"<p>Quel est le point commun entre&nbsp;Moby, Sylvie Hoarau, duettiste du groupe Brigitte, Scott Belski, fondateur de behance.net, Bruno Aveillan, r\u00e9alisateur, photographe et artiste multim\u00e9dia, Harlan Coben, &nbsp;Hubert Ripoll, psychologue et professeur \u00e0 Aix-Marseille, Karol Beffa, acteur, pianiste et compositeur, etc.&nbsp;? Leur cr\u00e9ativit\u00e9&nbsp;: bien s\u00fbr&nbsp;! Mais&#8230;<\/p>\n","protected":false},"author":1,"featured_media":0,"comment_status":"open","ping_status":"open","sticky":false,"template":"","format":"standard","meta":{"spay_email":"","jetpack_publicize_message":"","jetpack_is_tweetstorm":false,"jetpack_publicize_feature_enabled":true},"categories":[130],"tags":[],"yoast_head":"<!-- This site is optimized with the Yoast SEO plugin v18.3 - https:\/\/yoast.com\/wordpress\/plugins\/seo\/ -->\n<title>Soyez cr\u00e9atif ! - Marketing is Dead<\/title>\n<meta name=\"robots\" content=\"index, follow, max-snippet:-1, max-image-preview:large, max-video-preview:-1\" \/>\n<link rel=\"canonical\" href=\"https:\/\/consumerinsight.eu\/marketingisdead\/soyez-creatif\/\" \/>\n<meta property=\"og:locale\" content=\"fr_FR\" \/>\n<meta property=\"og:type\" content=\"article\" \/>\n<meta property=\"og:title\" content=\"Soyez cr\u00e9atif ! - Marketing is Dead\" \/>\n<meta property=\"og:description\" content=\"Quel est le point commun entre&nbsp;Moby, Sylvie Hoarau, duettiste du groupe Brigitte, Scott Belski, fondateur de behance.net, Bruno Aveillan, r\u00e9alisateur, photographe et artiste multim\u00e9dia, Harlan Coben, &nbsp;Hubert Ripoll, psychologue et professeur \u00e0 Aix-Marseille, Karol Beffa, acteur, pianiste et compositeur, etc.&nbsp;? Leur cr\u00e9ativit\u00e9&nbsp;: bien s\u00fbr&nbsp;! Mais...\" \/>\n<meta property=\"og:url\" content=\"https:\/\/consumerinsight.eu\/marketingisdead\/soyez-creatif\/\" \/>\n<meta property=\"og:site_name\" content=\"Marketing is Dead\" \/>\n<meta property=\"article:published_time\" content=\"2015-07-02T08:08:25+00:00\" \/>\n<meta property=\"og:image\" content=\"http:\/\/marketingisdead.blogspirit.com\/media\/02\/00\/4164315890.jpg\" \/>\n<meta name=\"twitter:card\" content=\"summary\" \/>\n<meta name=\"twitter:label1\" content=\"\u00c9crit par\" \/>\n\t<meta name=\"twitter:data1\" content=\"Marketing is Dead\" \/>\n<script type=\"application\/ld+json\" class=\"yoast-schema-graph\">{\"@context\":\"https:\/\/schema.org\",\"@graph\":[{\"@type\":\"WebSite\",\"@id\":\"http:\/\/consumerinsight.eu\/marketingisdead\/#website\",\"url\":\"http:\/\/consumerinsight.eu\/marketingisdead\/\",\"name\":\"Marketing is Dead\",\"description\":\"Le marketing est mort, vive le marketing\",\"potentialAction\":[{\"@type\":\"SearchAction\",\"target\":{\"@type\":\"EntryPoint\",\"urlTemplate\":\"http:\/\/consumerinsight.eu\/marketingisdead\/?s={search_term_string}\"},\"query-input\":\"required name=search_term_string\"}],\"inLanguage\":\"fr-FR\"},{\"@type\":\"ImageObject\",\"@id\":\"https:\/\/consumerinsight.eu\/marketingisdead\/soyez-creatif\/#primaryimage\",\"inLanguage\":\"fr-FR\",\"url\":\"http:\/\/marketingisdead.blogspirit.com\/media\/02\/00\/4164315890.jpg\",\"contentUrl\":\"http:\/\/marketingisdead.blogspirit.com\/media\/02\/00\/4164315890.jpg\"},{\"@type\":\"WebPage\",\"@id\":\"https:\/\/consumerinsight.eu\/marketingisdead\/soyez-creatif\/#webpage\",\"url\":\"https:\/\/consumerinsight.eu\/marketingisdead\/soyez-creatif\/\",\"name\":\"Soyez cr\u00e9atif ! - Marketing is Dead\",\"isPartOf\":{\"@id\":\"http:\/\/consumerinsight.eu\/marketingisdead\/#website\"},\"primaryImageOfPage\":{\"@id\":\"https:\/\/consumerinsight.eu\/marketingisdead\/soyez-creatif\/#primaryimage\"},\"datePublished\":\"2015-07-02T08:08:25+00:00\",\"dateModified\":\"2015-07-02T08:08:25+00:00\",\"author\":{\"@id\":\"http:\/\/consumerinsight.eu\/marketingisdead\/#\/schema\/person\/4b45a7cf63a0e61687a577f5bed48d86\"},\"breadcrumb\":{\"@id\":\"https:\/\/consumerinsight.eu\/marketingisdead\/soyez-creatif\/#breadcrumb\"},\"inLanguage\":\"fr-FR\",\"potentialAction\":[{\"@type\":\"ReadAction\",\"target\":[\"https:\/\/consumerinsight.eu\/marketingisdead\/soyez-creatif\/\"]}]},{\"@type\":\"BreadcrumbList\",\"@id\":\"https:\/\/consumerinsight.eu\/marketingisdead\/soyez-creatif\/#breadcrumb\",\"itemListElement\":[{\"@type\":\"ListItem\",\"position\":1,\"name\":\"Accueil\",\"item\":\"http:\/\/consumerinsight.eu\/marketingisdead\/\"},{\"@type\":\"ListItem\",\"position\":2,\"name\":\"Soyez cr\u00e9atif !\"}]},{\"@type\":\"Person\",\"@id\":\"http:\/\/consumerinsight.eu\/marketingisdead\/#\/schema\/person\/4b45a7cf63a0e61687a577f5bed48d86\",\"name\":\"Marketing is Dead\",\"image\":{\"@type\":\"ImageObject\",\"@id\":\"http:\/\/consumerinsight.eu\/marketingisdead\/#personlogo\",\"inLanguage\":\"fr-FR\",\"url\":\"http:\/\/0.gravatar.com\/avatar\/fc33689a54cb0b0978c5d72999ffbbda?s=96&d=mm&r=g\",\"contentUrl\":\"http:\/\/0.gravatar.com\/avatar\/fc33689a54cb0b0978c5d72999ffbbda?s=96&d=mm&r=g\",\"caption\":\"Marketing is Dead\"},\"url\":\"http:\/\/consumerinsight.eu\/marketingisdead\/administrateur\/marketing-is-dead\/\"}]}<\/script>\n<!-- \/ Yoast SEO plugin. -->","yoast_head_json":{"title":"Soyez cr\u00e9atif ! - Marketing is Dead","robots":{"index":"index","follow":"follow","max-snippet":"max-snippet:-1","max-image-preview":"max-image-preview:large","max-video-preview":"max-video-preview:-1"},"canonical":"https:\/\/consumerinsight.eu\/marketingisdead\/soyez-creatif\/","og_locale":"fr_FR","og_type":"article","og_title":"Soyez cr\u00e9atif ! - Marketing is Dead","og_description":"Quel est le point commun entre&nbsp;Moby, Sylvie Hoarau, duettiste du groupe Brigitte, Scott Belski, fondateur de behance.net, Bruno Aveillan, r\u00e9alisateur, photographe et artiste multim\u00e9dia, Harlan Coben, &nbsp;Hubert Ripoll, psychologue et professeur \u00e0 Aix-Marseille, Karol Beffa, acteur, pianiste et compositeur, etc.&nbsp;? Leur cr\u00e9ativit\u00e9&nbsp;: bien s\u00fbr&nbsp;! Mais...","og_url":"https:\/\/consumerinsight.eu\/marketingisdead\/soyez-creatif\/","og_site_name":"Marketing is Dead","article_published_time":"2015-07-02T08:08:25+00:00","og_image":[{"url":"http:\/\/marketingisdead.blogspirit.com\/media\/02\/00\/4164315890.jpg"}],"twitter_card":"summary","twitter_misc":{"\u00c9crit par":"Marketing is Dead"},"schema":{"@context":"https:\/\/schema.org","@graph":[{"@type":"WebSite","@id":"http:\/\/consumerinsight.eu\/marketingisdead\/#website","url":"http:\/\/consumerinsight.eu\/marketingisdead\/","name":"Marketing is Dead","description":"Le marketing est mort, vive le marketing","potentialAction":[{"@type":"SearchAction","target":{"@type":"EntryPoint","urlTemplate":"http:\/\/consumerinsight.eu\/marketingisdead\/?s={search_term_string}"},"query-input":"required name=search_term_string"}],"inLanguage":"fr-FR"},{"@type":"ImageObject","@id":"https:\/\/consumerinsight.eu\/marketingisdead\/soyez-creatif\/#primaryimage","inLanguage":"fr-FR","url":"http:\/\/marketingisdead.blogspirit.com\/media\/02\/00\/4164315890.jpg","contentUrl":"http:\/\/marketingisdead.blogspirit.com\/media\/02\/00\/4164315890.jpg"},{"@type":"WebPage","@id":"https:\/\/consumerinsight.eu\/marketingisdead\/soyez-creatif\/#webpage","url":"https:\/\/consumerinsight.eu\/marketingisdead\/soyez-creatif\/","name":"Soyez cr\u00e9atif ! - Marketing is Dead","isPartOf":{"@id":"http:\/\/consumerinsight.eu\/marketingisdead\/#website"},"primaryImageOfPage":{"@id":"https:\/\/consumerinsight.eu\/marketingisdead\/soyez-creatif\/#primaryimage"},"datePublished":"2015-07-02T08:08:25+00:00","dateModified":"2015-07-02T08:08:25+00:00","author":{"@id":"http:\/\/consumerinsight.eu\/marketingisdead\/#\/schema\/person\/4b45a7cf63a0e61687a577f5bed48d86"},"breadcrumb":{"@id":"https:\/\/consumerinsight.eu\/marketingisdead\/soyez-creatif\/#breadcrumb"},"inLanguage":"fr-FR","potentialAction":[{"@type":"ReadAction","target":["https:\/\/consumerinsight.eu\/marketingisdead\/soyez-creatif\/"]}]},{"@type":"BreadcrumbList","@id":"https:\/\/consumerinsight.eu\/marketingisdead\/soyez-creatif\/#breadcrumb","itemListElement":[{"@type":"ListItem","position":1,"name":"Accueil","item":"http:\/\/consumerinsight.eu\/marketingisdead\/"},{"@type":"ListItem","position":2,"name":"Soyez cr\u00e9atif !"}]},{"@type":"Person","@id":"http:\/\/consumerinsight.eu\/marketingisdead\/#\/schema\/person\/4b45a7cf63a0e61687a577f5bed48d86","name":"Marketing is Dead","image":{"@type":"ImageObject","@id":"http:\/\/consumerinsight.eu\/marketingisdead\/#personlogo","inLanguage":"fr-FR","url":"http:\/\/0.gravatar.com\/avatar\/fc33689a54cb0b0978c5d72999ffbbda?s=96&d=mm&r=g","contentUrl":"http:\/\/0.gravatar.com\/avatar\/fc33689a54cb0b0978c5d72999ffbbda?s=96&d=mm&r=g","caption":"Marketing is Dead"},"url":"http:\/\/consumerinsight.eu\/marketingisdead\/administrateur\/marketing-is-dead\/"}]}},"jetpack_featured_media_url":"","jetpack_publicize_connections":[],"jetpack_sharing_enabled":true,"jetpack_shortlink":"https:\/\/wp.me\/p7oQEP-6qo","jetpack-related-posts":[{"id":26149,"url":"http:\/\/consumerinsight.eu\/marketingisdead\/rise-quel-fundraising-pour-une-epoque-enervee\/","url_meta":{"origin":24700,"position":0},"title":"Rise ! Quel fundraising pour une \u00e9poque \u00e9nerv\u00e9e ?","date":"27 f\u00e9vrier 2020","format":"gallery","excerpt":"Plus encore que les marques, les associations se heurtent au manque de confiance et au d\u00e9sengagement de leurs publics, et peinent de plus en plus \u00e0 collecter des dons. Le secteur du bien commun est confront\u00e9 \u00e0 un double d\u00e9fi : F\u00e9d\u00e9rer de nouvelles populations de donateurs et de soutiensInventer\u2026","rel":"","context":"Dans &quot;Actualit\u00e9&quot;","img":{"alt_text":"","src":"https:\/\/i0.wp.com\/consumerinsight.eu\/marketingisdead\/wp-content\/uploads\/sites\/2\/2020\/02\/photo-1518601794912-1af91724e528-450x563.jpeg?fit=450%2C563&resize=350%2C200","width":350,"height":200},"classes":[]},{"id":25638,"url":"http:\/\/consumerinsight.eu\/marketingisdead\/creatifs-a-vos-crayons\/","url_meta":{"origin":24700,"position":1},"title":"Cr\u00e9atifs, \u00e0 vos crayons !","date":"9 janvier 2018","format":"gallery","excerpt":"Frank Tapiro est le Pr\u00e9sident fondateur d\u2019H\u00e9misph\u00e8re droit\u00a0; il lance un grand concours de cr\u00e9ation d\u2019affiches un peu particulier \u2026 MarketingIsDead\u00a0: Pourquoi cet int\u00e9r\u00eat pour l\u2019image fixe \u00e0 l\u2019heure o\u00f9 on ne parle que de vid\u00e9o et de buzz, de viralit\u00e9 ? Frank Tapiro\u00a0: A l\u2019heure o\u00f9 tout le monde\u2026","rel":"","context":"Dans &quot;Interviews&quot;","img":{"alt_text":"","src":"https:\/\/i0.wp.com\/consumerinsight.eu\/marketingisdead\/wp-content\/uploads\/sites\/2\/2018\/01\/Frank-Tapiro.jpg?fit=840%2C756&resize=350%2C200","width":350,"height":200},"classes":[]},{"id":25490,"url":"http:\/\/consumerinsight.eu\/marketingisdead\/no-data\/","url_meta":{"origin":24700,"position":2},"title":"No Data","date":"17 septembre 2017","format":"gallery","excerpt":"Jean-Paul Aimetti, Professeur \u00e9m\u00e9rite au CNAM et Membre de l\u2019Acad\u00e9mie des Sciences Commerciales, etc., vient de publier NO DATA Quelle libert\u00e9 dans un monde num\u00e9rique\u00a0? MarketingIsDead\u00a0: Ce titre, No Data, n\u2019est pas sans rappeler No Logo de la journaliste canadienne Naomi Klein, paru en 2000 et qui se voulait un\u2026","rel":"","context":"Dans &quot;Interviews 2.0&quot;","img":{"alt_text":"","src":"https:\/\/i0.wp.com\/consumerinsight.eu\/marketingisdead\/wp-content\/uploads\/sites\/2\/2017\/09\/Jean-Paul-Aimetti.jpg?fit=430%2C450&resize=350%2C200","width":350,"height":200},"classes":[]},{"id":24727,"url":"http:\/\/consumerinsight.eu\/marketingisdead\/du-consommacteur-a-lempowered-consumer\/","url_meta":{"origin":24700,"position":3},"title":"Du Consommacteur \u00e0 l\u2019Empowered Consumer","date":"12 octobre 2006","format":false,"excerpt":"Consommacteur\u00a0: magnifique mot valise \u2013 valise et fourre-tout, de surcro\u00eet\u00a0! Le consommateur acteur\u00a0: mais acteur de quoi\u00a0? Le terme est n\u00e9 de l\u2019alter consommation et du commerce \u00e9thique, avant d\u2019\u00eatre d\u00e9tourn\u00e9 par le marketing qui se l\u2019est ind\u00fbment appropri\u00e9\u2026 en le d\u00e9voyant fortement. Le consommacteur\u00a0originel pr\u00e9sente un c\u00f4t\u00e9 militant pouvant\u2026","rel":"","context":"Dans &quot;Consumer Insight&quot;","img":{"alt_text":"","src":"","width":0,"height":0},"classes":[]},{"id":26900,"url":"http:\/\/consumerinsight.eu\/marketingisdead\/les-influenceurs-larnaque-avec-un-a-majuscule\/","url_meta":{"origin":24700,"position":4},"title":"Les influenceurs, l\u2019Arnaque avec un \u00ab\u00a0A\u00a0\u00bb majuscule","date":"15 f\u00e9vrier 2026","format":"gallery","excerpt":"Les marketers se montrent toujours tr\u00e8s sensibles aux modes, avec une f\u00e2cheuse \u00e0 confondre moyens et strat\u00e9gie\u00a0: bref, ils usent et abusent volontiers des services des influenceurs, sans trop se soucier de l\u2019honn\u00eatet\u00e9 de ces derniers, bien souvent domicili\u00e9s \u00e0 Duba\u00ef, voire maintenant Bali, vue la flamb\u00e9e des prix de\u2026","rel":"","context":"Dans &quot;Menteurs&quot;","img":{"alt_text":"","src":"https:\/\/i0.wp.com\/consumerinsight.eu\/marketingisdead\/wp-content\/uploads\/sites\/2\/2026\/02\/Escroc.jpg?fit=679%2C690&resize=350%2C200","width":350,"height":200},"classes":[]},{"id":25420,"url":"http:\/\/consumerinsight.eu\/marketingisdead\/5-juillet-date-a-retenir\/","url_meta":{"origin":24700,"position":5},"title":"Le 5 Juillet, une date \u00e0 retenir","date":"19 juin 2017","format":"gallery","excerpt":"Le 5 Juillet prochain se d\u00e9roulera la 12\u00e8me Nuit de l\u2019Adetem avec la remise des Prix de l\u2019Excellence Marketing et deux jeunes Keynote Speakers extr\u00eamement talentueux. Tout d\u2019abord Ang\u00e9lique G\u00e9rard de\u00a0Free,\u00a042 ans, la plus fid\u00e8le collaboratrice de Xavier Niel, qui recrute en 1999 cette jeune dipl\u00f4m\u00e9e en techniques de communications\u2026","rel":"","context":"Dans &quot;Actualit\u00e9&quot;","img":{"alt_text":"","src":"https:\/\/i0.wp.com\/consumerinsight.eu\/marketingisdead\/wp-content\/uploads\/sites\/2\/2017\/06\/Nuit.jpg?fit=630%2C512&resize=350%2C200","width":350,"height":200},"classes":[]}],"_links":{"self":[{"href":"http:\/\/consumerinsight.eu\/marketingisdead\/wp-json\/wp\/v2\/posts\/24700"}],"collection":[{"href":"http:\/\/consumerinsight.eu\/marketingisdead\/wp-json\/wp\/v2\/posts"}],"about":[{"href":"http:\/\/consumerinsight.eu\/marketingisdead\/wp-json\/wp\/v2\/types\/post"}],"author":[{"embeddable":true,"href":"http:\/\/consumerinsight.eu\/marketingisdead\/wp-json\/wp\/v2\/users\/1"}],"replies":[{"embeddable":true,"href":"http:\/\/consumerinsight.eu\/marketingisdead\/wp-json\/wp\/v2\/comments?post=24700"}],"version-history":[{"count":0,"href":"http:\/\/consumerinsight.eu\/marketingisdead\/wp-json\/wp\/v2\/posts\/24700\/revisions"}],"wp:attachment":[{"href":"http:\/\/consumerinsight.eu\/marketingisdead\/wp-json\/wp\/v2\/media?parent=24700"}],"wp:term":[{"taxonomy":"category","embeddable":true,"href":"http:\/\/consumerinsight.eu\/marketingisdead\/wp-json\/wp\/v2\/categories?post=24700"},{"taxonomy":"post_tag","embeddable":true,"href":"http:\/\/consumerinsight.eu\/marketingisdead\/wp-json\/wp\/v2\/tags?post=24700"}],"curies":[{"name":"wp","href":"https:\/\/api.w.org\/{rel}","templated":true}]}}